{"id":10305,"date":"2024-10-14T15:08:01","date_gmt":"2024-10-14T18:08:01","guid":{"rendered":"https:\/\/www.noticiasmas.com.ar\/?p=10305"},"modified":"2024-10-14T15:08:04","modified_gmt":"2024-10-14T18:08:04","slug":"tiempos-de-cambio-amsafe-rechazo-la-oferta-salarial-pero-no-iran-a-paro","status":"publish","type":"post","link":"https:\/\/www.noticiasmas.com.ar\/index.php\/2024\/10\/14\/tiempos-de-cambio-amsafe-rechazo-la-oferta-salarial-pero-no-iran-a-paro\/","title":{"rendered":"Tiempos de cambio: AMSAF\u00c9 rechaz\u00f3 la oferta salarial pero no ir\u00e1n a paro"},"content":{"rendered":"\n<p>Para gremios y sindicatos de todo el pa\u00eds, la pol\u00edtica implementada por el Gobierno Nacional y una sucesi\u00f3n de diferentes hechos que cambiaron la validaci\u00f3n de las medidas de acci\u00f3n directa propiciadas por estas instituciones, cambiaron la forma de negociaci\u00f3n en las paritarias, y en Santa Fe comienzan a verse esos efectos.<\/p>\n\n\n\n<p>Es que en el marco de una nueva paritaria para el \u00faltimo trimestre de este 2024, el gremio docente AMSAFE determin\u00f3 no realizar medidas de fuerza luego de rechazar la propuesta salarial ofertada por el Ministerio de Trabajo de Santa Fe.<\/p>\n\n\n\n<p>\u201cEstamos en la escuela como reclamaban, ahora cumplan con estos reclamos\u201d, sostuvo el secretario general del gremio docente a nivel provincial, Rodrigo Alonso.<\/p>\n\n\n\n<p>&#8220;Vamos a mantener actividades con la comunidad educativa para que nos acompa\u00f1en en esta pelea, pero tambi\u00e9n tiene que ver con fortalecer la escuela p\u00fablica&#8221;, agreg\u00f3.<\/p>\n\n\n\n<p>La metodolog\u00eda de lucha del Gobierno Provincial coincidi\u00f3 en un contexto donde los paros y toda medida que atente contra la sensaci\u00f3n de \u201cesfuerzo\u201d ante un mal pasar econ\u00f3mico general era, en l\u00edneas generales, mal vista.<\/p>\n\n\n\n<p>A su vez, el descuento por el d\u00eda de paro, sumamente discutido por atentar contra el derecho a huelga, permiti\u00f3 quebrar por completo la unidad docente puertas adentros.<\/p>\n\n\n\n<p>Es que los descuentos por d\u00eda rondan entre los 15 y 30 mil pesos, en algunos casos. Tambi\u00e9n las bonificaciones por presentismo sumaron a la conformidad, dentro de un contexto adverso, a las bases docentes, pese a que condicionaba al movimiento sindical en general.<\/p>\n\n\n\n<p>La oferta del Gobierno Provincial para todos los gremios estatales es del 12% de aumento, divididos en 6% para octubre, 3% en noviembre y 3% en diciembre.<\/p>\n","protected":false},"excerpt":{"rendered":"<p>Para gremios y sindicatos de todo el pa\u00eds, la pol\u00edtica implementada por el Gobierno Nacional y una sucesi\u00f3n de diferentes hechos que cambiaron la validaci\u00f3n de las medidas de acci\u00f3n directa propiciadas por estas instituciones, cambiaron la forma de negociaci\u00f3n en las paritarias, y en Santa Fe comienzan a verse esos efectos. Es que en [&hellip;]<\/p>\n","protected":false},"author":9,"featured_media":10307,"comment_status":"closed","ping_status":"open","sticky":false,"template":"","format":"standard","meta":{"tdm_status":"","tdm_grid_status":"","footnotes":""},"categories":[14],"tags":[800,926,691,18],"class_list":{"0":"post-10305","1":"post","2":"type-post","3":"status-publish","4":"format-standard","5":"has-post-thumbnail","7":"category-provinciales","8":"tag-amsafe","9":"tag-paritaria-docente","10":"tag-paro","11":"tag-santa-fe"},"_links":{"self":[{"href":"https:\/\/www.noticiasmas.com.ar\/index.php\/wp-json\/wp\/v2\/posts\/10305","targetHints":{"allow":["GET"]}}],"collection":[{"href":"https:\/\/www.noticiasmas.com.ar\/index.php\/wp-json\/wp\/v2\/posts"}],"about":[{"href":"https:\/\/www.noticiasmas.com.ar\/index.php\/wp-json\/wp\/v2\/types\/post"}],"author":[{"embeddable":true,"href":"https:\/\/www.noticiasmas.com.ar\/index.php\/wp-json\/wp\/v2\/users\/9"}],"replies":[{"embeddable":true,"href":"https:\/\/www.noticiasmas.com.ar\/index.php\/wp-json\/wp\/v2\/comments?post=10305"}],"version-history":[{"count":1,"href":"https:\/\/www.noticiasmas.com.ar\/index.php\/wp-json\/wp\/v2\/posts\/10305\/revisions"}],"predecessor-version":[{"id":10308,"href":"https:\/\/www.noticiasmas.com.ar\/index.php\/wp-json\/wp\/v2\/posts\/10305\/revisions\/10308"}],"wp:featuredmedia":[{"embeddable":true,"href":"https:\/\/www.noticiasmas.com.ar\/index.php\/wp-json\/wp\/v2\/media\/10307"}],"wp:attachment":[{"href":"https:\/\/www.noticiasmas.com.ar\/index.php\/wp-json\/wp\/v2\/media?parent=10305"}],"wp:term":[{"taxonomy":"category","embeddable":true,"href":"https:\/\/www.noticiasmas.com.ar\/index.php\/wp-json\/wp\/v2\/categories?post=10305"},{"taxonomy":"post_tag","embeddable":true,"href":"https:\/\/www.noticiasmas.com.ar\/index.php\/wp-json\/wp\/v2\/tags?post=10305"}],"curies":[{"name":"wp","href":"https:\/\/api.w.org\/{rel}","templated":true}]}}