{"id":10314,"date":"2024-10-14T18:31:51","date_gmt":"2024-10-14T21:31:51","guid":{"rendered":"https:\/\/www.noticiasmas.com.ar\/?p=10314"},"modified":"2024-10-14T18:31:54","modified_gmt":"2024-10-14T21:31:54","slug":"puerto-san-martin-cumple-135-anos-veni-a-conocer-su-historia","status":"publish","type":"post","link":"https:\/\/www.noticiasmas.com.ar\/index.php\/2024\/10\/14\/puerto-san-martin-cumple-135-anos-veni-a-conocer-su-historia\/","title":{"rendered":"Puerto San Mart\u00edn cumple 135 a\u00f1os, &#8220;ven\u00ed a conocer su historia&#8221;"},"content":{"rendered":"\n<p>Este a\u00f1o, esta pujante ciudad cumple 135 a\u00f1os, y desde el municipio invitan a que todos puedan conocer su historia y celebrar este importante aniversario junto a la comunidad.<\/p>\n\n\n\n<p>Desde el Museo del R\u00edo Paran\u00e1, se invita a \u201cMemorias de un pasado, presente\u201d, una nueva muestra temporal que recorre la historia de Puerto General San Mart\u00edn como un punto clave de crecimiento y transformaci\u00f3n en la regi\u00f3n. A trav\u00e9s de im\u00e1genes, relatos y objetos hist\u00f3ricos, la muestra est\u00e1 pensada para viajar desde sus inicios hasta convertirse en una ciudad pujante y en constante desarrollo.<\/p>\n\n\n\n<p><br>Fecha: viernes 18 de octubre.<br>Hora: 18 hs.<br>Lugar: Galer\u00eda Afluente, CCM Batalla Punta Quebracho.<br><\/p>\n\n\n\n<p>Adem\u00e1s de la muestra, se podr\u00e1 disfrutar de recorridos mediados para que el visitante pueda profundizar en los detalles m\u00e1s interesantes de la historia de la ciudad. Tambi\u00e9n se desarrollar\u00e1 el taller de serigraf\u00eda de @GaleriaAfluente con estampas exclusivas sobre Puerto San Mart\u00edn y el r\u00edo Paran\u00e1. \u00a0&#8220;Podes traer una remera para estampar y llevarte un recuerdo \u00fanico&#8221;.<br>\u00a1Ven\u00ed a conocer la historia de Puerto, nuestra historia, tu historia!<br>Organiza: Museo del r\u00edo Paran\u00e1, con la participaci\u00f3n de Afluente, Galer\u00eda de Arte Contempor\u00e1neo.<\/p>\n\n\n\n<p> Invita Secretar\u00eda de Cultura y Municipalidad de Puerto General San Mart\u00edn.<\/p>\n","protected":false},"excerpt":{"rendered":"<p>Este a\u00f1o, esta pujante ciudad cumple 135 a\u00f1os, y desde el municipio invitan a que todos puedan conocer su historia y celebrar este importante aniversario junto a la comunidad. Desde el Museo del R\u00edo Paran\u00e1, se invita a \u201cMemorias de un pasado, presente\u201d, una nueva muestra temporal que recorre la historia de Puerto General San [&hellip;]<\/p>\n","protected":false},"author":5,"featured_media":10317,"comment_status":"closed","ping_status":"open","sticky":false,"template":"","format":"standard","meta":{"tdm_status":"","tdm_grid_status":"","footnotes":""},"categories":[13],"tags":[2074,2380,1919,1654],"class_list":{"0":"post-10314","1":"post","2":"type-post","3":"status-publish","4":"format-standard","5":"has-post-thumbnail","7":"category-region","8":"tag-135-anos","9":"tag-muestra","10":"tag-museo-del-rio-parana","11":"tag-puerto-gral-san-martin"},"_links":{"self":[{"href":"https:\/\/www.noticiasmas.com.ar\/index.php\/wp-json\/wp\/v2\/posts\/10314","targetHints":{"allow":["GET"]}}],"collection":[{"href":"https:\/\/www.noticiasmas.com.ar\/index.php\/wp-json\/wp\/v2\/posts"}],"about":[{"href":"https:\/\/www.noticiasmas.com.ar\/index.php\/wp-json\/wp\/v2\/types\/post"}],"author":[{"embeddable":true,"href":"https:\/\/www.noticiasmas.com.ar\/index.php\/wp-json\/wp\/v2\/users\/5"}],"replies":[{"embeddable":true,"href":"https:\/\/www.noticiasmas.com.ar\/index.php\/wp-json\/wp\/v2\/comments?post=10314"}],"version-history":[{"count":1,"href":"https:\/\/www.noticiasmas.com.ar\/index.php\/wp-json\/wp\/v2\/posts\/10314\/revisions"}],"predecessor-version":[{"id":10318,"href":"https:\/\/www.noticiasmas.com.ar\/index.php\/wp-json\/wp\/v2\/posts\/10314\/revisions\/10318"}],"wp:featuredmedia":[{"embeddable":true,"href":"https:\/\/www.noticiasmas.com.ar\/index.php\/wp-json\/wp\/v2\/media\/10317"}],"wp:attachment":[{"href":"https:\/\/www.noticiasmas.com.ar\/index.php\/wp-json\/wp\/v2\/media?parent=10314"}],"wp:term":[{"taxonomy":"category","embeddable":true,"href":"https:\/\/www.noticiasmas.com.ar\/index.php\/wp-json\/wp\/v2\/categories?post=10314"},{"taxonomy":"post_tag","embeddable":true,"href":"https:\/\/www.noticiasmas.com.ar\/index.php\/wp-json\/wp\/v2\/tags?post=10314"}],"curies":[{"name":"wp","href":"https:\/\/api.w.org\/{rel}","templated":true}]}}