{"id":10446,"date":"2024-10-18T20:40:21","date_gmt":"2024-10-18T23:40:21","guid":{"rendered":"https:\/\/www.noticiasmas.com.ar\/?p=10446"},"modified":"2024-10-18T20:40:23","modified_gmt":"2024-10-18T23:40:23","slug":"villa-gdor-galvez-pdi-aprehendio-a-dos-hombres-por-amenzas-calificadas-y-abuso-de-armas","status":"publish","type":"post","link":"https:\/\/www.noticiasmas.com.ar\/index.php\/2024\/10\/18\/villa-gdor-galvez-pdi-aprehendio-a-dos-hombres-por-amenzas-calificadas-y-abuso-de-armas\/","title":{"rendered":"Villa Gdor. G\u00e1lvez: PDI aprehendi\u00f3 a dos hombres por amenzas calificadas y abuso de armas"},"content":{"rendered":"\n<p>La Polic\u00eda de Investigaciones dependiente del Ministerio de Justicia y Seguridad este viernes realiz\u00f3 un allanamiento, en el marco de una causa por amenazas calificadas y abuso de arma.<\/p>\n\n\n\n<p>El procedimiento se llev\u00f3 a cabo en una vivienda de calle Nahuel Huapi al 2300 de VGG. En el lugar aprehendieron a Enzo G. de 23 a\u00f1os y Franco G. de 31. Adem\u00e1s secuestraron 99 envoltorios de marihuana, con un peso de 164 gramos, una balanza de precisi\u00f3n y telefon\u00eda celular.<\/p>\n\n\n\n<figure class=\"wp-block-image size-large\"><img loading=\"lazy\" decoding=\"async\" width=\"1024\" height=\"576\" src=\"https:\/\/www.noticiasmas.com.ar\/wp-content\/uploads\/2024\/10\/WhatsApp-Image-2024-10-18-at-18.47.46-1024x576.jpeg\" alt=\"\" class=\"wp-image-10448\" srcset=\"https:\/\/www.noticiasmas.com.ar\/wp-content\/uploads\/2024\/10\/WhatsApp-Image-2024-10-18-at-18.47.46-1024x576.jpeg 1024w, https:\/\/www.noticiasmas.com.ar\/wp-content\/uploads\/2024\/10\/WhatsApp-Image-2024-10-18-at-18.47.46-300x169.jpeg 300w, https:\/\/www.noticiasmas.com.ar\/wp-content\/uploads\/2024\/10\/WhatsApp-Image-2024-10-18-at-18.47.46-768x432.jpeg 768w, https:\/\/www.noticiasmas.com.ar\/wp-content\/uploads\/2024\/10\/WhatsApp-Image-2024-10-18-at-18.47.46-150x84.jpeg 150w, https:\/\/www.noticiasmas.com.ar\/wp-content\/uploads\/2024\/10\/WhatsApp-Image-2024-10-18-at-18.47.46-696x392.jpeg 696w, https:\/\/www.noticiasmas.com.ar\/wp-content\/uploads\/2024\/10\/WhatsApp-Image-2024-10-18-at-18.47.46-1068x601.jpeg 1068w, https:\/\/www.noticiasmas.com.ar\/wp-content\/uploads\/2024\/10\/WhatsApp-Image-2024-10-18-at-18.47.46.jpeg 1280w\" sizes=\"auto, (max-width: 1024px) 100vw, 1024px\" \/><\/figure>\n\n\n\n<p>Personal del Departamento Operativo regi\u00f3n II (PDI), tom\u00f3 conocimiento por parte de la Fiscal\u00eda interviniente de un hecho de amenazas calificadas y abuso de arma, donde la v\u00edctima denunci\u00f3 que desde el mes de septiembre recibe amenazas calificadas. Por ello, los investigadores realizaron tareas investigativas, y concretaron el allanamiento, logrando la aprehensi\u00f3n de los presuntos sospechosos.<\/p>\n\n\n\n<p>Para el diligenciamiento de la medida se cont\u00f3 con la colaboraci\u00f3n del grupo de irrupci\u00f3n del GIRI URII.<\/p>\n\n\n\n<p>Interviene la U.F.D.V.G.G. a cargo del Dr. Ledesma.<\/p>\n","protected":false},"excerpt":{"rendered":"<p>La Polic\u00eda de Investigaciones dependiente del Ministerio de Justicia y Seguridad este viernes realiz\u00f3 un allanamiento, en el marco de una causa por amenazas calificadas y abuso de arma. El procedimiento se llev\u00f3 a cabo en una vivienda de calle Nahuel Huapi al 2300 de VGG. En el lugar aprehendieron a Enzo G. de 23 [&hellip;]<\/p>\n","protected":false},"author":3,"featured_media":10447,"comment_status":"closed","ping_status":"open","sticky":false,"template":"","format":"standard","meta":{"tdm_status":"","tdm_grid_status":"","footnotes":""},"categories":[9],"tags":[96,121,505,1922],"class_list":{"0":"post-10446","1":"post","2":"type-post","3":"status-publish","4":"format-standard","5":"has-post-thumbnail","7":"category-policiales","8":"tag-allanamientos","9":"tag-detenidos","10":"tag-pdi","11":"tag-villa-gobernador-galvez"},"_links":{"self":[{"href":"https:\/\/www.noticiasmas.com.ar\/index.php\/wp-json\/wp\/v2\/posts\/10446","targetHints":{"allow":["GET"]}}],"collection":[{"href":"https:\/\/www.noticiasmas.com.ar\/index.php\/wp-json\/wp\/v2\/posts"}],"about":[{"href":"https:\/\/www.noticiasmas.com.ar\/index.php\/wp-json\/wp\/v2\/types\/post"}],"author":[{"embeddable":true,"href":"https:\/\/www.noticiasmas.com.ar\/index.php\/wp-json\/wp\/v2\/users\/3"}],"replies":[{"embeddable":true,"href":"https:\/\/www.noticiasmas.com.ar\/index.php\/wp-json\/wp\/v2\/comments?post=10446"}],"version-history":[{"count":1,"href":"https:\/\/www.noticiasmas.com.ar\/index.php\/wp-json\/wp\/v2\/posts\/10446\/revisions"}],"predecessor-version":[{"id":10449,"href":"https:\/\/www.noticiasmas.com.ar\/index.php\/wp-json\/wp\/v2\/posts\/10446\/revisions\/10449"}],"wp:featuredmedia":[{"embeddable":true,"href":"https:\/\/www.noticiasmas.com.ar\/index.php\/wp-json\/wp\/v2\/media\/10447"}],"wp:attachment":[{"href":"https:\/\/www.noticiasmas.com.ar\/index.php\/wp-json\/wp\/v2\/media?parent=10446"}],"wp:term":[{"taxonomy":"category","embeddable":true,"href":"https:\/\/www.noticiasmas.com.ar\/index.php\/wp-json\/wp\/v2\/categories?post=10446"},{"taxonomy":"post_tag","embeddable":true,"href":"https:\/\/www.noticiasmas.com.ar\/index.php\/wp-json\/wp\/v2\/tags?post=10446"}],"curies":[{"name":"wp","href":"https:\/\/api.w.org\/{rel}","templated":true}]}}