{"id":10462,"date":"2024-10-21T09:42:51","date_gmt":"2024-10-21T12:42:51","guid":{"rendered":"https:\/\/www.noticiasmas.com.ar\/?p=10462"},"modified":"2024-10-21T09:42:54","modified_gmt":"2024-10-21T12:42:54","slug":"dia-de-la-madre-de-festejos-y-pocas-ventas-cayeron-las-ventas-minoristas-por-tercer-ano-consecutivo","status":"publish","type":"post","link":"https:\/\/www.noticiasmas.com.ar\/index.php\/2024\/10\/21\/dia-de-la-madre-de-festejos-y-pocas-ventas-cayeron-las-ventas-minoristas-por-tercer-ano-consecutivo\/","title":{"rendered":"D\u00eda de la Madre de festejos y pocas ventas: cayeron las ventas minoristas por tercer a\u00f1o consecutivo"},"content":{"rendered":"\n<p>El informe con respecto a las ventas en la semana del D\u00eda de la Madre elaborado por la Confederaci\u00f3n Argentina de la Mediana Empresa (CAME) arroj\u00f3 un resulto negativo por tercer a\u00f1o consecutivo.<\/p>\n\n\n\n<p>Seg\u00fan la informaci\u00f3n elaborada por la citada instituci\u00f3n, las ventas cayeron un 0,9% con respecto al a\u00f1o pasado. Ya hab\u00edan ca\u00eddo, en su comparaci\u00f3n interanual, un 3,2% en 2023 y un 4,7% en 2022.<\/p>\n\n\n\n<p>Los rubros m\u00e1s solicitados, o al menos los de mayor crecimiento, fueron los electrodom\u00e9sticos y equipos de audio y video, con un crecimiento del 12,1%, librer\u00edas con 10,3% e indumentaria con 6,3%.<\/p>\n\n\n\n<p>Seg\u00fan CAME, se registraron ventas con cuotas sin intereses y promociones bancarias en la \u00faltima semana para los art\u00edculos que comercializan casas de electrodom\u00e9sticos.<\/p>\n\n\n\n<p>En el rubro librer\u00eda, creci\u00f3 la demanda y se aprovech\u00f3 principalmente las ferias de libro que se realizaron en distintos puntos del pa\u00eds para potenciar la demanda.<\/p>\n\n\n\n<p>Por \u00faltimo, en lo que respecta al rubro indumentaria, se valoriz\u00f3 la promoci\u00f3n de tres cuotas sin inter\u00e9s que actualmente utiliza casi la totalidad de los bancos. &nbsp;<\/p>\n\n\n\n<p>Cabe destacar que, en tres a\u00f1os consecutivos de p\u00e9rdida de ventas, la ca\u00edda en este 2024 fue ostensiblemente menor a las anteriores, indicadores que podr\u00edan vislumbrar cierta recuperaci\u00f3n, o al menos un parate en la ca\u00edda del consumo.<\/p>\n","protected":false},"excerpt":{"rendered":"<p>El informe con respecto a las ventas en la semana del D\u00eda de la Madre elaborado por la Confederaci\u00f3n Argentina de la Mediana Empresa (CAME) arroj\u00f3 un resulto negativo por tercer a\u00f1o consecutivo. Seg\u00fan la informaci\u00f3n elaborada por la citada instituci\u00f3n, las ventas cayeron un 0,9% con respecto al a\u00f1o pasado. Ya hab\u00edan ca\u00eddo, en [&hellip;]<\/p>\n","protected":false},"author":9,"featured_media":10463,"comment_status":"closed","ping_status":"open","sticky":false,"template":"","format":"standard","meta":{"tdm_status":"","tdm_grid_status":"","footnotes":""},"categories":[2],"tags":[423,3342,682,218],"class_list":{"0":"post-10462","1":"post","2":"type-post","3":"status-publish","4":"format-standard","5":"has-post-thumbnail","7":"category-economia","8":"tag-came","9":"tag-dia-de-la-madre","10":"tag-informe","11":"tag-nacionales"},"_links":{"self":[{"href":"https:\/\/www.noticiasmas.com.ar\/index.php\/wp-json\/wp\/v2\/posts\/10462","targetHints":{"allow":["GET"]}}],"collection":[{"href":"https:\/\/www.noticiasmas.com.ar\/index.php\/wp-json\/wp\/v2\/posts"}],"about":[{"href":"https:\/\/www.noticiasmas.com.ar\/index.php\/wp-json\/wp\/v2\/types\/post"}],"author":[{"embeddable":true,"href":"https:\/\/www.noticiasmas.com.ar\/index.php\/wp-json\/wp\/v2\/users\/9"}],"replies":[{"embeddable":true,"href":"https:\/\/www.noticiasmas.com.ar\/index.php\/wp-json\/wp\/v2\/comments?post=10462"}],"version-history":[{"count":1,"href":"https:\/\/www.noticiasmas.com.ar\/index.php\/wp-json\/wp\/v2\/posts\/10462\/revisions"}],"predecessor-version":[{"id":10464,"href":"https:\/\/www.noticiasmas.com.ar\/index.php\/wp-json\/wp\/v2\/posts\/10462\/revisions\/10464"}],"wp:featuredmedia":[{"embeddable":true,"href":"https:\/\/www.noticiasmas.com.ar\/index.php\/wp-json\/wp\/v2\/media\/10463"}],"wp:attachment":[{"href":"https:\/\/www.noticiasmas.com.ar\/index.php\/wp-json\/wp\/v2\/media?parent=10462"}],"wp:term":[{"taxonomy":"category","embeddable":true,"href":"https:\/\/www.noticiasmas.com.ar\/index.php\/wp-json\/wp\/v2\/categories?post=10462"},{"taxonomy":"post_tag","embeddable":true,"href":"https:\/\/www.noticiasmas.com.ar\/index.php\/wp-json\/wp\/v2\/tags?post=10462"}],"curies":[{"name":"wp","href":"https:\/\/api.w.org\/{rel}","templated":true}]}}