{"id":10494,"date":"2024-10-21T20:22:33","date_gmt":"2024-10-21T23:22:33","guid":{"rendered":"https:\/\/www.noticiasmas.com.ar\/?p=10494"},"modified":"2024-10-21T20:22:35","modified_gmt":"2024-10-21T23:22:35","slug":"seguridad-urbana-tras-gestion-de-maglia-baigorria-sumo-8-nuevos-patrulleros","status":"publish","type":"post","link":"https:\/\/www.noticiasmas.com.ar\/index.php\/2024\/10\/21\/seguridad-urbana-tras-gestion-de-maglia-baigorria-sumo-8-nuevos-patrulleros\/","title":{"rendered":"Seguridad urbana: tras gesti\u00f3n de Maglia Baigorria sum\u00f3 8 nuevos patrulleros"},"content":{"rendered":"\n<p>En las \u00faltimas horas, Granadero Baigorria sum\u00f3 ocho modernos patrulleros que \u201creforzar\u00e1n la prevenci\u00f3n del delito en las calles de la ciudad durante las 24 horas del d\u00eda\u201d, destac\u00f3 el intendente Adri\u00e1n Maglia.<\/p>\n\n\n\n<p>A partir de gestiones encabezadas por el propio intendente de Granadero Baigorria, Adri\u00e1n Maglia, ante el Ministerio de Seguridad de la provincia de Santa Fe, la ciudad sum\u00f3 en las \u00faltimas horas 8 nuevos y modernos patrulleros. De esta manera, el Municipio se puso al frente de la demanda del vecino y \u201cseguimos colaborando en la log\u00edstica que posibilita mejorar la seguridad para la ciudad\u201d, destac\u00f3 Maglia.<\/p>\n\n\n\n<p>\u201cEstos nuevos veh\u00edculos vienen a reforzar una flota que estaba bastante diezmada y por la cual ven\u00edamos insistiendo mucho. La idea es que sumados a los otros patrulleros disponibles la seguridad urbana se refuerce las 24 horas del d\u00eda\u201d, consider\u00f3 adem\u00e1s el mandatario.<\/p>\n\n\n\n<p><em>\u00bfC\u00f3mo son los nuevos patrulleros?<\/em><\/p>\n\n\n\n<p>Los veh\u00edculos cuentan con una serie de modificaciones vinculadas a la estructura y el equipamiento que son necesarias para que los autos puedan efectivamente ser utilizados como patrulleros, asegurando su fortaleza, durabilidad y equipamiento tecnol\u00f3gico.<\/p>\n\n\n\n<p><em>Algunas caracter\u00edsticas:<\/em><\/p>\n\n\n\n<ul class=\"wp-block-list\">\n<li>Refuerzo y equipamiento en la defensa delantera y trasera con acero para brindar mayor firmeza y seguridad ante impactos<\/li>\n\n\n\n<li>Cabezales destellantes de LED en el frente y en los laterales para brindar m\u00e1xima visibilidad. Nuevos faros delanteros y traseros<\/li>\n\n\n\n<li>En el interior se coloc\u00f3 un panel divisor entre las partes delantera y trasera con ventanilla antivand\u00e1lica que brinda protecci\u00f3n al personal policial y se modifica por completo el habit\u00e1culo trasero, reforzando su estructura y acondicion\u00e1ndolo para el traslado de detenidos.<\/li>\n\n\n\n<li>Aislaci\u00f3n f\u00edsica total con la parte delantera, revistiendo con materiales completamente lavables y de alta resistencia.<\/li>\n\n\n\n<li>En cuanto a tecnolog\u00eda y equipamiento, cuentan con sistema de comunicaci\u00f3n TETRA y GPS<\/li>\n\n\n\n<li>Iluminaci\u00f3n LED exterior en parrilla con 6 patrones de destello y estanco con protecci\u00f3n UV<\/li>\n\n\n\n<li>Barra de se\u00f1alizaci\u00f3n, balizas LED de se\u00f1alizaci\u00f3n con cobertura de 360\u00ba<\/li>\n\n\n\n<li>Sirena y meg\u00e1fono con potencia superior a 75 W y 120 dB, con comando de apagado y encendido, con control remoto, difusor de sonido y 6 patrones espec\u00edficos<\/li>\n\n\n\n<li>Placa electr\u00f3nica integrada en el barral<\/li>\n\n\n\n<li>Protector autom\u00e1tico de motor confeccionado con materiales especiales y soldadura de esta\u00f1o que controla los sistemas de refrigeraci\u00f3n y lubricaci\u00f3n y se puede activar manualmente.<\/li>\n<\/ul>\n","protected":false},"excerpt":{"rendered":"<p>En las \u00faltimas horas, Granadero Baigorria sum\u00f3 ocho modernos patrulleros que \u201creforzar\u00e1n la prevenci\u00f3n del delito en las calles de la ciudad durante las 24 horas del d\u00eda\u201d, destac\u00f3 el intendente Adri\u00e1n Maglia. A partir de gestiones encabezadas por el propio intendente de Granadero Baigorria, Adri\u00e1n Maglia, ante el Ministerio de Seguridad de la provincia [&hellip;]<\/p>\n","protected":false},"author":5,"featured_media":10495,"comment_status":"closed","ping_status":"open","sticky":false,"template":"","format":"standard","meta":{"tdm_status":"","tdm_grid_status":"","footnotes":""},"categories":[13],"tags":[246,3348,91],"class_list":{"0":"post-10494","1":"post","2":"type-post","3":"status-publish","4":"format-standard","5":"has-post-thumbnail","7":"category-region","8":"tag-granadero-baigorria","9":"tag-nuevos-patrulleros","10":"tag-seguridad"},"_links":{"self":[{"href":"https:\/\/www.noticiasmas.com.ar\/index.php\/wp-json\/wp\/v2\/posts\/10494","targetHints":{"allow":["GET"]}}],"collection":[{"href":"https:\/\/www.noticiasmas.com.ar\/index.php\/wp-json\/wp\/v2\/posts"}],"about":[{"href":"https:\/\/www.noticiasmas.com.ar\/index.php\/wp-json\/wp\/v2\/types\/post"}],"author":[{"embeddable":true,"href":"https:\/\/www.noticiasmas.com.ar\/index.php\/wp-json\/wp\/v2\/users\/5"}],"replies":[{"embeddable":true,"href":"https:\/\/www.noticiasmas.com.ar\/index.php\/wp-json\/wp\/v2\/comments?post=10494"}],"version-history":[{"count":1,"href":"https:\/\/www.noticiasmas.com.ar\/index.php\/wp-json\/wp\/v2\/posts\/10494\/revisions"}],"predecessor-version":[{"id":10496,"href":"https:\/\/www.noticiasmas.com.ar\/index.php\/wp-json\/wp\/v2\/posts\/10494\/revisions\/10496"}],"wp:featuredmedia":[{"embeddable":true,"href":"https:\/\/www.noticiasmas.com.ar\/index.php\/wp-json\/wp\/v2\/media\/10495"}],"wp:attachment":[{"href":"https:\/\/www.noticiasmas.com.ar\/index.php\/wp-json\/wp\/v2\/media?parent=10494"}],"wp:term":[{"taxonomy":"category","embeddable":true,"href":"https:\/\/www.noticiasmas.com.ar\/index.php\/wp-json\/wp\/v2\/categories?post=10494"},{"taxonomy":"post_tag","embeddable":true,"href":"https:\/\/www.noticiasmas.com.ar\/index.php\/wp-json\/wp\/v2\/tags?post=10494"}],"curies":[{"name":"wp","href":"https:\/\/api.w.org\/{rel}","templated":true}]}}