{"id":10522,"date":"2024-10-23T16:45:57","date_gmt":"2024-10-23T19:45:57","guid":{"rendered":"https:\/\/www.noticiasmas.com.ar\/?p=10522"},"modified":"2024-10-23T16:45:59","modified_gmt":"2024-10-23T19:45:59","slug":"vialidad-nacional-continua-con-los-trabajos-sobre-la-rn-178-en-las-rosas","status":"publish","type":"post","link":"https:\/\/www.noticiasmas.com.ar\/index.php\/2024\/10\/23\/vialidad-nacional-continua-con-los-trabajos-sobre-la-rn-178-en-las-rosas\/","title":{"rendered":"Vialidad Nacional contin\u00faa con los trabajos sobre la RN 178 en Las Rosas"},"content":{"rendered":"\n<p>Con personal y equipos del 7\u00ba Distrito Santa Fe, Vialidad Nacional prosigui\u00f3 esta semana las tareas de mejoramiento de la Ruta Nacional 178 en el trayecto por la ciudad de Las Rosas.<\/p>\n\n\n\n<p>Sobre la traves\u00eda urbana continuaron las acciones de fresado de deformaciones y recupero de banquinas. En los tramos intervenidos se produce la reducci\u00f3n de un carril, con paso alternado de a una mano por vez. Colabora en el ordenamiento de la circulaci\u00f3n la polic\u00eda de tr\u00e1nsito del municipio.<\/p>\n\n\n\n<p>Vale recordar que, sobre estos sectores, en poco tiempo m\u00e1s se efectuar\u00e1 el arreglo de la base de la calzada con agregado de cemento y reciclado del material existente, para dar terminaci\u00f3n a las mejoras con una nueva capa de concreto asf\u00e1ltico en caliente.<\/p>\n\n\n\n<p>Desde Vialidad Nacional se destaca el trabajo conjunto con el municipio local, que facilita el resguardo de los equipos viales del 7\u00ba Distrito y por el aporte de una parte del concreto asf\u00e1ltico en caliente a utilizar en las reparaciones. Igualmente, Vialidad Nacional acord\u00f3 una contribuci\u00f3n del mismo material por parte de Vialidad Provincial.<\/p>\n","protected":false},"excerpt":{"rendered":"<p>Con personal y equipos del 7\u00ba Distrito Santa Fe, Vialidad Nacional prosigui\u00f3 esta semana las tareas de mejoramiento de la Ruta Nacional 178 en el trayecto por la ciudad de Las Rosas. Sobre la traves\u00eda urbana continuaron las acciones de fresado de deformaciones y recupero de banquinas. En los tramos intervenidos se produce la reducci\u00f3n [&hellip;]<\/p>\n","protected":false},"author":3,"featured_media":10523,"comment_status":"closed","ping_status":"open","sticky":false,"template":"","format":"standard","meta":{"tdm_status":"","tdm_grid_status":"","footnotes":""},"categories":[13],"tags":[176,347,3361,1475],"class_list":{"0":"post-10522","1":"post","2":"type-post","3":"status-publish","4":"format-standard","5":"has-post-thumbnail","7":"category-region","8":"tag-obras","9":"tag-region","10":"tag-ruta-178","11":"tag-vialidad-nacional"},"_links":{"self":[{"href":"https:\/\/www.noticiasmas.com.ar\/index.php\/wp-json\/wp\/v2\/posts\/10522","targetHints":{"allow":["GET"]}}],"collection":[{"href":"https:\/\/www.noticiasmas.com.ar\/index.php\/wp-json\/wp\/v2\/posts"}],"about":[{"href":"https:\/\/www.noticiasmas.com.ar\/index.php\/wp-json\/wp\/v2\/types\/post"}],"author":[{"embeddable":true,"href":"https:\/\/www.noticiasmas.com.ar\/index.php\/wp-json\/wp\/v2\/users\/3"}],"replies":[{"embeddable":true,"href":"https:\/\/www.noticiasmas.com.ar\/index.php\/wp-json\/wp\/v2\/comments?post=10522"}],"version-history":[{"count":1,"href":"https:\/\/www.noticiasmas.com.ar\/index.php\/wp-json\/wp\/v2\/posts\/10522\/revisions"}],"predecessor-version":[{"id":10524,"href":"https:\/\/www.noticiasmas.com.ar\/index.php\/wp-json\/wp\/v2\/posts\/10522\/revisions\/10524"}],"wp:featuredmedia":[{"embeddable":true,"href":"https:\/\/www.noticiasmas.com.ar\/index.php\/wp-json\/wp\/v2\/media\/10523"}],"wp:attachment":[{"href":"https:\/\/www.noticiasmas.com.ar\/index.php\/wp-json\/wp\/v2\/media?parent=10522"}],"wp:term":[{"taxonomy":"category","embeddable":true,"href":"https:\/\/www.noticiasmas.com.ar\/index.php\/wp-json\/wp\/v2\/categories?post=10522"},{"taxonomy":"post_tag","embeddable":true,"href":"https:\/\/www.noticiasmas.com.ar\/index.php\/wp-json\/wp\/v2\/tags?post=10522"}],"curies":[{"name":"wp","href":"https:\/\/api.w.org\/{rel}","templated":true}]}}