{"id":10541,"date":"2024-10-24T08:51:47","date_gmt":"2024-10-24T11:51:47","guid":{"rendered":"https:\/\/www.noticiasmas.com.ar\/?p=10541"},"modified":"2024-10-24T08:51:50","modified_gmt":"2024-10-24T11:51:50","slug":"robo-una-rueda-de-auxilio-y-quedo-detenido","status":"publish","type":"post","link":"https:\/\/www.noticiasmas.com.ar\/index.php\/2024\/10\/24\/robo-una-rueda-de-auxilio-y-quedo-detenido\/","title":{"rendered":"Rob\u00f3 una rueda de auxilio y qued\u00f3 detenido"},"content":{"rendered":"\n<p>Un joven sanlorencino qued\u00f3 detenido este mi\u00e9rcoles en horas del mediod\u00eda luego de robar una rueda de auxilio de un veh\u00edculo en la zona de Rep\u00fablica de Chile y San Juan.<\/p>\n\n\n\n<p>El hecho fue denunciado por los vecinos a la autoridad policial mediante un llamado al comando central.<\/p>\n\n\n\n<p>La v\u00edctima, un joven de 25 a\u00f1os de edad, reconoci\u00f3 que la rueda de auxilio robada era de su propiedad, en tanto que el involucrado, de 24 a\u00f1os de edad, qued\u00f3 detenido en sede policial.<\/p>\n","protected":false},"excerpt":{"rendered":"<p>Un joven sanlorencino qued\u00f3 detenido este mi\u00e9rcoles en horas del mediod\u00eda luego de robar una rueda de auxilio de un veh\u00edculo en la zona de Rep\u00fablica de Chile y San Juan. El hecho fue denunciado por los vecinos a la autoridad policial mediante un llamado al comando central. La v\u00edctima, un joven de 25 a\u00f1os [&hellip;]<\/p>\n","protected":false},"author":9,"featured_media":10542,"comment_status":"closed","ping_status":"open","sticky":false,"template":"","format":"standard","meta":{"tdm_status":"","tdm_grid_status":"","footnotes":""},"categories":[9],"tags":[172,58],"class_list":{"0":"post-10541","1":"post","2":"type-post","3":"status-publish","4":"format-standard","5":"has-post-thumbnail","7":"category-policiales","8":"tag-policiales","9":"tag-san-lorenzo"},"_links":{"self":[{"href":"https:\/\/www.noticiasmas.com.ar\/index.php\/wp-json\/wp\/v2\/posts\/10541","targetHints":{"allow":["GET"]}}],"collection":[{"href":"https:\/\/www.noticiasmas.com.ar\/index.php\/wp-json\/wp\/v2\/posts"}],"about":[{"href":"https:\/\/www.noticiasmas.com.ar\/index.php\/wp-json\/wp\/v2\/types\/post"}],"author":[{"embeddable":true,"href":"https:\/\/www.noticiasmas.com.ar\/index.php\/wp-json\/wp\/v2\/users\/9"}],"replies":[{"embeddable":true,"href":"https:\/\/www.noticiasmas.com.ar\/index.php\/wp-json\/wp\/v2\/comments?post=10541"}],"version-history":[{"count":1,"href":"https:\/\/www.noticiasmas.com.ar\/index.php\/wp-json\/wp\/v2\/posts\/10541\/revisions"}],"predecessor-version":[{"id":10543,"href":"https:\/\/www.noticiasmas.com.ar\/index.php\/wp-json\/wp\/v2\/posts\/10541\/revisions\/10543"}],"wp:featuredmedia":[{"embeddable":true,"href":"https:\/\/www.noticiasmas.com.ar\/index.php\/wp-json\/wp\/v2\/media\/10542"}],"wp:attachment":[{"href":"https:\/\/www.noticiasmas.com.ar\/index.php\/wp-json\/wp\/v2\/media?parent=10541"}],"wp:term":[{"taxonomy":"category","embeddable":true,"href":"https:\/\/www.noticiasmas.com.ar\/index.php\/wp-json\/wp\/v2\/categories?post=10541"},{"taxonomy":"post_tag","embeddable":true,"href":"https:\/\/www.noticiasmas.com.ar\/index.php\/wp-json\/wp\/v2\/tags?post=10541"}],"curies":[{"name":"wp","href":"https:\/\/api.w.org\/{rel}","templated":true}]}}