{"id":10684,"date":"2024-10-30T12:04:01","date_gmt":"2024-10-30T15:04:01","guid":{"rendered":"https:\/\/www.noticiasmas.com.ar\/?p=10684"},"modified":"2024-10-30T12:04:04","modified_gmt":"2024-10-30T15:04:04","slug":"para-el-mes-de-julio-de-2025-estarian-comenzando-a-funcionar-los-nuevos-peajes-en-rutas-nacionales-de-la-region","status":"publish","type":"post","link":"https:\/\/www.noticiasmas.com.ar\/index.php\/2024\/10\/30\/para-el-mes-de-julio-de-2025-estarian-comenzando-a-funcionar-los-nuevos-peajes-en-rutas-nacionales-de-la-region\/","title":{"rendered":"Para el mes de julio de 2025 estar\u00edan comenzando a funcionar los nuevos peajes en rutas nacionales de la regi\u00f3n"},"content":{"rendered":"\n<p>Varias rutas nacionales que atraviesan la regi\u00f3n centro sur de la provincia de Santa Fe pasar\u00e1n a ser concesionadas y se mantendr\u00e1n v\u00eda recaudaci\u00f3n de peajes.<\/p>\n\n\n\n<p>Con la privatizaci\u00f3n de la empresa Corredores Viales, entidad p\u00fablica que administra varias rutas nacionales, el Gobierno prepara una serie de concesiones para que algunos trayectos que hoy dependen del Estado tambi\u00e9n ser\u00e1n puestos en manos de privados.<\/p>\n\n\n\n<p>En concreto, la Ruta Nacional N\u00b08, N\u00b09, A008 Circunvalaci\u00f3n y la 33, pasar\u00e1n a ser concesiones privadas y tendr\u00e1n cabinas de peaje en la regi\u00f3n.<\/p>\n\n\n\n<p>Es con esto que el mantenimiento se podr\u00e1 realizar v\u00eda recaudaci\u00f3n privada, ya sin, en principio, la participaci\u00f3n del Estado.<\/p>\n\n\n\n<p>Seg\u00fan consign\u00f3 La Capital, para el mes de febrero del a\u00f1o 2025 se abrir\u00edan las licitaciones, de modo que para julio las obras est\u00e9n ya avanzadas pr\u00f3ximas a inaugurarse y tener los caminos con sus respectivas cabinas de peaje.<\/p>\n\n\n\n<p>Hoy, Corredores Viales cobra, en el peaje de la Autopista Rosario \u2013 Buenos Aires en la localidad de General Lagos, $1200 la tarifa para autos.<\/p>\n","protected":false},"excerpt":{"rendered":"<p>Varias rutas nacionales que atraviesan la regi\u00f3n centro sur de la provincia de Santa Fe pasar\u00e1n a ser concesionadas y se mantendr\u00e1n v\u00eda recaudaci\u00f3n de peajes. Con la privatizaci\u00f3n de la empresa Corredores Viales, entidad p\u00fablica que administra varias rutas nacionales, el Gobierno prepara una serie de concesiones para que algunos trayectos que hoy dependen [&hellip;]<\/p>\n","protected":false},"author":9,"featured_media":10685,"comment_status":"closed","ping_status":"open","sticky":false,"template":"","format":"standard","meta":{"tdm_status":"","tdm_grid_status":"","footnotes":""},"categories":[13],"tags":[1815,789,163,666],"class_list":{"0":"post-10684","1":"post","2":"type-post","3":"status-publish","4":"format-standard","5":"has-post-thumbnail","7":"category-region","8":"tag-circunvalacion","9":"tag-privatizaciones","10":"tag-rosario","11":"tag-rutas"},"_links":{"self":[{"href":"https:\/\/www.noticiasmas.com.ar\/index.php\/wp-json\/wp\/v2\/posts\/10684","targetHints":{"allow":["GET"]}}],"collection":[{"href":"https:\/\/www.noticiasmas.com.ar\/index.php\/wp-json\/wp\/v2\/posts"}],"about":[{"href":"https:\/\/www.noticiasmas.com.ar\/index.php\/wp-json\/wp\/v2\/types\/post"}],"author":[{"embeddable":true,"href":"https:\/\/www.noticiasmas.com.ar\/index.php\/wp-json\/wp\/v2\/users\/9"}],"replies":[{"embeddable":true,"href":"https:\/\/www.noticiasmas.com.ar\/index.php\/wp-json\/wp\/v2\/comments?post=10684"}],"version-history":[{"count":1,"href":"https:\/\/www.noticiasmas.com.ar\/index.php\/wp-json\/wp\/v2\/posts\/10684\/revisions"}],"predecessor-version":[{"id":10686,"href":"https:\/\/www.noticiasmas.com.ar\/index.php\/wp-json\/wp\/v2\/posts\/10684\/revisions\/10686"}],"wp:featuredmedia":[{"embeddable":true,"href":"https:\/\/www.noticiasmas.com.ar\/index.php\/wp-json\/wp\/v2\/media\/10685"}],"wp:attachment":[{"href":"https:\/\/www.noticiasmas.com.ar\/index.php\/wp-json\/wp\/v2\/media?parent=10684"}],"wp:term":[{"taxonomy":"category","embeddable":true,"href":"https:\/\/www.noticiasmas.com.ar\/index.php\/wp-json\/wp\/v2\/categories?post=10684"},{"taxonomy":"post_tag","embeddable":true,"href":"https:\/\/www.noticiasmas.com.ar\/index.php\/wp-json\/wp\/v2\/tags?post=10684"}],"curies":[{"name":"wp","href":"https:\/\/api.w.org\/{rel}","templated":true}]}}