{"id":10704,"date":"2024-10-31T10:57:46","date_gmt":"2024-10-31T13:57:46","guid":{"rendered":"https:\/\/www.noticiasmas.com.ar\/?p=10704"},"modified":"2024-10-31T10:57:49","modified_gmt":"2024-10-31T13:57:49","slug":"formula-1-en-argentina-el-gobierno-se-reunira-con-los-gerentes-de-la-categoria-en-brasil","status":"publish","type":"post","link":"https:\/\/www.noticiasmas.com.ar\/index.php\/2024\/10\/31\/formula-1-en-argentina-el-gobierno-se-reunira-con-los-gerentes-de-la-categoria-en-brasil\/","title":{"rendered":"F\u00f3rmula 1 en Argentina: El Gobierno se reunir\u00e1 con los gerentes de la categor\u00eda en Brasil"},"content":{"rendered":"\n<p>En el marco del pr\u00f3ximo Gran Premio de San Pablo de F\u00f3rmula 1, el secretario de Deportes de la Naci\u00f3n, Daniel Scioli, mantendr\u00e1 una reuni\u00f3n con el presidente de la categor\u00eda, Stefano Domenicali, y su par Mohammed Ben Sulayem de la Federaci\u00f3n Internacional de Automovilismo (FIA) para evaluar la posibilidad de que Argentina albergue una carrera en el futuro.<\/p>\n\n\n\n<p>1998 fue el a\u00f1o del \u00faltimo Gran Premio de Argentina, donde Michael Schumacher gan\u00f3 la entonces tercera fecha del campeonato.<\/p>\n\n\n\n<p>Tras ese a\u00f1o, la m\u00e1xima categor\u00eda del automovilismo no volvi\u00f3 al pa\u00eds y la posibilidad de que vuelva en los \u00faltimos 25 a\u00f1os estuvo lejos, pese a algunos acercamientos para tener una carrera en un circuito callejero en Mar del Plata, la posibilidad de que Termas de Rio Hondo tenga su Gran Premio, o que el Oscar y Juan G\u00e1lvez de Buenos Aires reciba nuevamente a la F\u00f3rmula 1.<\/p>\n\n\n\n<figure class=\"wp-block-image size-full\"><img loading=\"lazy\" decoding=\"async\" width=\"580\" height=\"293\" src=\"https:\/\/www.noticiasmas.com.ar\/wp-content\/uploads\/2024\/10\/f1arg1997.jpeg\" alt=\"\" class=\"wp-image-10706\" srcset=\"https:\/\/www.noticiasmas.com.ar\/wp-content\/uploads\/2024\/10\/f1arg1997.jpeg 580w, https:\/\/www.noticiasmas.com.ar\/wp-content\/uploads\/2024\/10\/f1arg1997-300x152.jpeg 300w, https:\/\/www.noticiasmas.com.ar\/wp-content\/uploads\/2024\/10\/f1arg1997-150x76.jpeg 150w\" sizes=\"auto, (max-width: 580px) 100vw, 580px\" \/><\/figure>\n\n\n\n<p>El Gobierno Nacional, desde la gesti\u00f3n de Scioli en Deportes, coment\u00f3 en varias oportunidades su intenci\u00f3n de que la F\u00f3rmula 1 retorne al pa\u00eds. Anteriormente, el ex jefe de Gabinete de Buenos Aires, Horacio Rodr\u00edguez Larreta, hab\u00eda inaugurado reformas en el aut\u00f3dromo porte\u00f1o para encauzar un camino de regreso de la m\u00e1xima al pa\u00eds.<\/p>\n\n\n\n<p>Seg\u00fan el medio Carburando, las diferentes configuraciones que posee el G\u00e1lvez requieren modificaciones, principalmente si se quiere utilizar el dibujo del circuito 15, el cual tuvo las competencias de la F\u00f3rmula 1 desde los 1974 hasta 1981.<\/p>\n\n\n\n<figure class=\"wp-block-image size-large\"><img loading=\"lazy\" decoding=\"async\" width=\"1024\" height=\"504\" src=\"https:\/\/www.noticiasmas.com.ar\/wp-content\/uploads\/2024\/10\/F1-proyecto-1024x504.jpg\" alt=\"\" class=\"wp-image-10705\" srcset=\"https:\/\/www.noticiasmas.com.ar\/wp-content\/uploads\/2024\/10\/F1-proyecto-1024x504.jpg 1024w, https:\/\/www.noticiasmas.com.ar\/wp-content\/uploads\/2024\/10\/F1-proyecto-300x148.jpg 300w, https:\/\/www.noticiasmas.com.ar\/wp-content\/uploads\/2024\/10\/F1-proyecto-768x378.jpg 768w, https:\/\/www.noticiasmas.com.ar\/wp-content\/uploads\/2024\/10\/F1-proyecto-150x74.jpg 150w, https:\/\/www.noticiasmas.com.ar\/wp-content\/uploads\/2024\/10\/F1-proyecto-696x343.jpg 696w, https:\/\/www.noticiasmas.com.ar\/wp-content\/uploads\/2024\/10\/F1-proyecto-1068x526.jpg 1068w, https:\/\/www.noticiasmas.com.ar\/wp-content\/uploads\/2024\/10\/F1-proyecto.jpg 1300w\" sizes=\"auto, (max-width: 1024px) 100vw, 1024px\" \/><\/figure>\n\n\n\n<p>En cuestiones t\u00e9cnicas, tambi\u00e9n se deber\u00e1 evaluar c\u00f3mo se podr\u00eda modificar el trazado en la primera parte del circuito 15. Para utilizar el curv\u00f3n Saloto, antes se deber\u00edan de modificar los sectores de la recta del fondo y la S del siervo, debido a que los monoplazas actuales pueden hacer todo ese recorrido a fondo en m\u00e1xima potencia.<\/p>\n\n\n\n<figure class=\"wp-block-embed is-type-video is-provider-youtube wp-block-embed-youtube wp-embed-aspect-16-9 wp-has-aspect-ratio\"><div class=\"wp-block-embed__wrapper\">\n<div class=\"youtube-embed\" data-video_id=\"2YNgFc_NdLw\"><iframe loading=\"lazy\" title=\"F1 Buenos Aires Circuit | 2020 Argentine Grand Prix | Assetto Corsa\" width=\"696\" height=\"392\" src=\"https:\/\/www.youtube.com\/embed\/2YNgFc_NdLw?feature=oembed&#038;enablejsapi=1\" frameborder=\"0\" allow=\"accelerometer; autoplay; clipboard-write; encrypted-media; gyroscope; picture-in-picture; web-share\" referrerpolicy=\"strict-origin-when-cross-origin\" allowfullscreen><\/iframe><\/div>\n<\/div><\/figure>\n\n\n\n<p>En concreto, el Gobierno podr\u00eda tener definiciones sobre posibles obras que deber\u00edan llevar adelante luego de este fin de semana. De igual modo, hay un costo sumamente importante que el armado de un Gran Premio debe evaluar y es el canon que la categor\u00eda cobra por la licencia, hoy de aproximadamente 50 millones de d\u00f3lares.<\/p>\n","protected":false},"excerpt":{"rendered":"<p>En el marco del pr\u00f3ximo Gran Premio de San Pablo de F\u00f3rmula 1, el secretario de Deportes de la Naci\u00f3n, Daniel Scioli, mantendr\u00e1 una reuni\u00f3n con el presidente de la categor\u00eda, Stefano Domenicali, y su par Mohammed Ben Sulayem de la Federaci\u00f3n Internacional de Automovilismo (FIA) para evaluar la posibilidad de que Argentina albergue una [&hellip;]<\/p>\n","protected":false},"author":9,"featured_media":10707,"comment_status":"closed","ping_status":"open","sticky":false,"template":"","format":"standard","meta":{"tdm_status":"","tdm_grid_status":"","footnotes":""},"categories":[10],"tags":[324,3403,1642],"class_list":{"0":"post-10704","1":"post","2":"type-post","3":"status-publish","4":"format-standard","5":"has-post-thumbnail","7":"category-deportes","8":"tag-argentina","9":"tag-autodromo","10":"tag-formula-1"},"_links":{"self":[{"href":"https:\/\/www.noticiasmas.com.ar\/index.php\/wp-json\/wp\/v2\/posts\/10704","targetHints":{"allow":["GET"]}}],"collection":[{"href":"https:\/\/www.noticiasmas.com.ar\/index.php\/wp-json\/wp\/v2\/posts"}],"about":[{"href":"https:\/\/www.noticiasmas.com.ar\/index.php\/wp-json\/wp\/v2\/types\/post"}],"author":[{"embeddable":true,"href":"https:\/\/www.noticiasmas.com.ar\/index.php\/wp-json\/wp\/v2\/users\/9"}],"replies":[{"embeddable":true,"href":"https:\/\/www.noticiasmas.com.ar\/index.php\/wp-json\/wp\/v2\/comments?post=10704"}],"version-history":[{"count":1,"href":"https:\/\/www.noticiasmas.com.ar\/index.php\/wp-json\/wp\/v2\/posts\/10704\/revisions"}],"predecessor-version":[{"id":10708,"href":"https:\/\/www.noticiasmas.com.ar\/index.php\/wp-json\/wp\/v2\/posts\/10704\/revisions\/10708"}],"wp:featuredmedia":[{"embeddable":true,"href":"https:\/\/www.noticiasmas.com.ar\/index.php\/wp-json\/wp\/v2\/media\/10707"}],"wp:attachment":[{"href":"https:\/\/www.noticiasmas.com.ar\/index.php\/wp-json\/wp\/v2\/media?parent=10704"}],"wp:term":[{"taxonomy":"category","embeddable":true,"href":"https:\/\/www.noticiasmas.com.ar\/index.php\/wp-json\/wp\/v2\/categories?post=10704"},{"taxonomy":"post_tag","embeddable":true,"href":"https:\/\/www.noticiasmas.com.ar\/index.php\/wp-json\/wp\/v2\/tags?post=10704"}],"curies":[{"name":"wp","href":"https:\/\/api.w.org\/{rel}","templated":true}]}}