{"id":10763,"date":"2024-11-04T19:09:35","date_gmt":"2024-11-04T22:09:35","guid":{"rendered":"https:\/\/www.noticiasmas.com.ar\/?p=10763"},"modified":"2024-11-04T19:09:37","modified_gmt":"2024-11-04T22:09:37","slug":"educacion-ambiental-cientos-de-chicos-de-baigorria-conocieron-la-reserva-y-la-isla-de-los-mastiles","status":"publish","type":"post","link":"https:\/\/www.noticiasmas.com.ar\/index.php\/2024\/11\/04\/educacion-ambiental-cientos-de-chicos-de-baigorria-conocieron-la-reserva-y-la-isla-de-los-mastiles\/","title":{"rendered":"Educaci\u00f3n ambiental: Cientos de chicos de Baigorria conocieron la Reserva y la Isla de los M\u00e1stiles"},"content":{"rendered":"\n<p>La secretar\u00eda de Obras P\u00fablicas local culmin\u00f3 las jornadas del proyecto \u201cConociendo nuestras islas: educaci\u00f3n ambiental a trav\u00e9s de la recreaci\u00f3n\u201d, el cual apunta a valorar el entorno natural de la ciudad.<\/p>\n\n\n\n<p>La Divisi\u00f3n Ambiente de la Secretar\u00eda de Obras P\u00fablicas culmin\u00f3 otro a\u00f1o de actividades en la Playa Reserva Natural Municipal junto a las escuelas primarias de la ciudad. Este proyecto cuenta con el apoyo y participaci\u00f3n de la Secretar\u00eda de Deporte y Cultura y este fue el tercer a\u00f1o consecutivo. Las jornadas, realizadas durante los meses de agosto y septiembre, involucraron a 320 estudiantes.<\/p>\n\n\n\n<p>&#8220;El objetivo principal de esta iniciativa es que las alumnas y los alumnos de s\u00e9ptimo grado conozcan las distintas reservas naturales de la ciudad. Durante las jornadas, se dialoga sobre el \u00c1rea Natural Protegida Isla de los M\u00e1stiles, perteneciente a Granadero Baigorria y ubicada frente a ella, destacando su flora, fauna y los beneficios ecosist\u00e9micos que brinda. A trav\u00e9s de estas actividades, se busca promover el cuidado y la conservaci\u00f3n de estos espacios, incentivando la defensa y protecci\u00f3n del ambiente&#8221;, explic\u00f3 el secretario de Obras P\u00fablicas Mart\u00edn Tartarelli.<\/p>\n","protected":false},"excerpt":{"rendered":"<p>La secretar\u00eda de Obras P\u00fablicas local culmin\u00f3 las jornadas del proyecto \u201cConociendo nuestras islas: educaci\u00f3n ambiental a trav\u00e9s de la recreaci\u00f3n\u201d, el cual apunta a valorar el entorno natural de la ciudad. La Divisi\u00f3n Ambiente de la Secretar\u00eda de Obras P\u00fablicas culmin\u00f3 otro a\u00f1o de actividades en la Playa Reserva Natural Municipal junto a las [&hellip;]<\/p>\n","protected":false},"author":5,"featured_media":10764,"comment_status":"closed","ping_status":"open","sticky":false,"template":"","format":"standard","meta":{"tdm_status":"","tdm_grid_status":"","footnotes":""},"categories":[13],"tags":[246,2184,3415],"class_list":{"0":"post-10763","1":"post","2":"type-post","3":"status-publish","4":"format-standard","5":"has-post-thumbnail","7":"category-region","8":"tag-granadero-baigorria","9":"tag-isla-de-los-mastiles","10":"tag-reserva-natural"},"_links":{"self":[{"href":"https:\/\/www.noticiasmas.com.ar\/index.php\/wp-json\/wp\/v2\/posts\/10763","targetHints":{"allow":["GET"]}}],"collection":[{"href":"https:\/\/www.noticiasmas.com.ar\/index.php\/wp-json\/wp\/v2\/posts"}],"about":[{"href":"https:\/\/www.noticiasmas.com.ar\/index.php\/wp-json\/wp\/v2\/types\/post"}],"author":[{"embeddable":true,"href":"https:\/\/www.noticiasmas.com.ar\/index.php\/wp-json\/wp\/v2\/users\/5"}],"replies":[{"embeddable":true,"href":"https:\/\/www.noticiasmas.com.ar\/index.php\/wp-json\/wp\/v2\/comments?post=10763"}],"version-history":[{"count":1,"href":"https:\/\/www.noticiasmas.com.ar\/index.php\/wp-json\/wp\/v2\/posts\/10763\/revisions"}],"predecessor-version":[{"id":10765,"href":"https:\/\/www.noticiasmas.com.ar\/index.php\/wp-json\/wp\/v2\/posts\/10763\/revisions\/10765"}],"wp:featuredmedia":[{"embeddable":true,"href":"https:\/\/www.noticiasmas.com.ar\/index.php\/wp-json\/wp\/v2\/media\/10764"}],"wp:attachment":[{"href":"https:\/\/www.noticiasmas.com.ar\/index.php\/wp-json\/wp\/v2\/media?parent=10763"}],"wp:term":[{"taxonomy":"category","embeddable":true,"href":"https:\/\/www.noticiasmas.com.ar\/index.php\/wp-json\/wp\/v2\/categories?post=10763"},{"taxonomy":"post_tag","embeddable":true,"href":"https:\/\/www.noticiasmas.com.ar\/index.php\/wp-json\/wp\/v2\/tags?post=10763"}],"curies":[{"name":"wp","href":"https:\/\/api.w.org\/{rel}","templated":true}]}}