{"id":10766,"date":"2024-11-04T19:16:44","date_gmt":"2024-11-04T22:16:44","guid":{"rendered":"https:\/\/www.noticiasmas.com.ar\/?p=10766"},"modified":"2024-11-04T19:20:07","modified_gmt":"2024-11-04T22:20:07","slug":"ate-rosario-denuncia-persecucion-y-concentra-manana-desde-las-10-frente-al-ministerio-de-educacion","status":"publish","type":"post","link":"https:\/\/www.noticiasmas.com.ar\/index.php\/2024\/11\/04\/ate-rosario-denuncia-persecucion-y-concentra-manana-desde-las-10-frente-al-ministerio-de-educacion\/","title":{"rendered":"ATE Rosario denuncia persecuci\u00f3n y concentra ma\u00f1ana desde las 10 frente al Ministerio de Educaci\u00f3n"},"content":{"rendered":"\n<p>Frente a la discriminaci\u00f3n que sufrieron s\u00f3lo los y las asistentes escolares de Rosario en torno al descuento del d\u00eda del paro nacional de ATE, la Seccional contin\u00faa su plan de lucha.<\/p>\n\n\n\n<p>\u201cEl gobierno provincial viene avasallando nuestros derechos, con salarios debajo de la l\u00ednea de pobreza, un incremento por debajo de la inflaci\u00f3n y en cuotas que, encima, lo diluyen\u201d, recordaron desde la entidad gremial.<\/p>\n\n\n\n<p>\u201cLa semana pasada desplegamos una medida nacional de 36 horas, oportunamente notificada a las autoridades. Inmediatamente despu\u00e9s, el Ministerio de Educaci\u00f3n envi\u00f3 una comunicaci\u00f3n para que s\u00f3lo personas rosarinas del sector Educaci\u00f3n informen mediante declaraci\u00f3n jurada la prestaci\u00f3n o no de servicios. De este modo nuevamente la gesti\u00f3n de Pullaro, como hizo la de Perotti, discrimina a las y los trabajadores de Rosario del sector m\u00e1s numeroso y feminizado, violentando el derecho a huelga y a la igualdad\u201d.<br><\/p>\n\n\n\n<figure class=\"wp-block-image size-large\"><img loading=\"lazy\" decoding=\"async\" width=\"1024\" height=\"683\" src=\"https:\/\/www.noticiasmas.com.ar\/wp-content\/uploads\/2024\/11\/ate-protesta-1024x683.jpg\" alt=\"\" class=\"wp-image-10769\" srcset=\"https:\/\/www.noticiasmas.com.ar\/wp-content\/uploads\/2024\/11\/ate-protesta-1024x683.jpg 1024w, https:\/\/www.noticiasmas.com.ar\/wp-content\/uploads\/2024\/11\/ate-protesta-300x200.jpg 300w, https:\/\/www.noticiasmas.com.ar\/wp-content\/uploads\/2024\/11\/ate-protesta-768x512.jpg 768w, https:\/\/www.noticiasmas.com.ar\/wp-content\/uploads\/2024\/11\/ate-protesta-150x100.jpg 150w, https:\/\/www.noticiasmas.com.ar\/wp-content\/uploads\/2024\/11\/ate-protesta-696x464.jpg 696w, https:\/\/www.noticiasmas.com.ar\/wp-content\/uploads\/2024\/11\/ate-protesta-1068x712.jpg 1068w, https:\/\/www.noticiasmas.com.ar\/wp-content\/uploads\/2024\/11\/ate-protesta.jpg 1200w\" sizes=\"auto, (max-width: 1024px) 100vw, 1024px\" \/><\/figure>\n\n\n\n<p>Ante esta situaci\u00f3n, ATE Rosario convocar\u00e1 el martes en la delegaci\u00f3n del Ministerio de Educaci\u00f3n para exigir el cese de la persecuci\u00f3n, el no descuento de los d\u00edas de paro, el respeto al estatuto de ATE, y ratificando los motivos de su plan de lucha:<br>\ud83d\udfe2 aumento salarial igual a la canasta familiar;<br>\ud83d\udfe2creaci\u00f3n de cargos;<br>\ud83d\udfe2 titularizaciones;<br>\ud83d\udfe2 traslados;<br>\ud83d\udfe2 devoluci\u00f3n de los d\u00edas descontados;<br>\ud83d\udfe2 pago del 22,4% adeudado de la paritaria 2023;<br>\ud83d\udfe2 Inmediata soluci\u00f3n a la atenci\u00f3n del IAPOS para todo el interior.<\/p>\n","protected":false},"excerpt":{"rendered":"<p>Frente a la discriminaci\u00f3n que sufrieron s\u00f3lo los y las asistentes escolares de Rosario en torno al descuento del d\u00eda del paro nacional de ATE, la Seccional contin\u00faa su plan de lucha. \u201cEl gobierno provincial viene avasallando nuestros derechos, con salarios debajo de la l\u00ednea de pobreza, un incremento por debajo de la inflaci\u00f3n y [&hellip;]<\/p>\n","protected":false},"author":5,"featured_media":10638,"comment_status":"closed","ping_status":"open","sticky":false,"template":"","format":"standard","meta":{"tdm_status":"","tdm_grid_status":"","footnotes":""},"categories":[13],"tags":[897,3417,3416,163],"class_list":{"0":"post-10766","1":"post","2":"type-post","3":"status-publish","4":"format-standard","5":"has-post-thumbnail","7":"category-region","8":"tag-ate","9":"tag-concentracion","10":"tag-denuncia-persecucion","11":"tag-rosario"},"_links":{"self":[{"href":"https:\/\/www.noticiasmas.com.ar\/index.php\/wp-json\/wp\/v2\/posts\/10766","targetHints":{"allow":["GET"]}}],"collection":[{"href":"https:\/\/www.noticiasmas.com.ar\/index.php\/wp-json\/wp\/v2\/posts"}],"about":[{"href":"https:\/\/www.noticiasmas.com.ar\/index.php\/wp-json\/wp\/v2\/types\/post"}],"author":[{"embeddable":true,"href":"https:\/\/www.noticiasmas.com.ar\/index.php\/wp-json\/wp\/v2\/users\/5"}],"replies":[{"embeddable":true,"href":"https:\/\/www.noticiasmas.com.ar\/index.php\/wp-json\/wp\/v2\/comments?post=10766"}],"version-history":[{"count":2,"href":"https:\/\/www.noticiasmas.com.ar\/index.php\/wp-json\/wp\/v2\/posts\/10766\/revisions"}],"predecessor-version":[{"id":10770,"href":"https:\/\/www.noticiasmas.com.ar\/index.php\/wp-json\/wp\/v2\/posts\/10766\/revisions\/10770"}],"wp:featuredmedia":[{"embeddable":true,"href":"https:\/\/www.noticiasmas.com.ar\/index.php\/wp-json\/wp\/v2\/media\/10638"}],"wp:attachment":[{"href":"https:\/\/www.noticiasmas.com.ar\/index.php\/wp-json\/wp\/v2\/media?parent=10766"}],"wp:term":[{"taxonomy":"category","embeddable":true,"href":"https:\/\/www.noticiasmas.com.ar\/index.php\/wp-json\/wp\/v2\/categories?post=10766"},{"taxonomy":"post_tag","embeddable":true,"href":"https:\/\/www.noticiasmas.com.ar\/index.php\/wp-json\/wp\/v2\/tags?post=10766"}],"curies":[{"name":"wp","href":"https:\/\/api.w.org\/{rel}","templated":true}]}}