{"id":10783,"date":"2024-11-04T19:58:32","date_gmt":"2024-11-04T22:58:32","guid":{"rendered":"https:\/\/www.noticiasmas.com.ar\/?p=10783"},"modified":"2024-11-04T19:58:35","modified_gmt":"2024-11-04T22:58:35","slug":"puerto-san-martin-una-bicicleteada-familiar-para-seguir-celebrando-el-135-aniversario-de-su-fundacion","status":"publish","type":"post","link":"https:\/\/www.noticiasmas.com.ar\/index.php\/2024\/11\/04\/puerto-san-martin-una-bicicleteada-familiar-para-seguir-celebrando-el-135-aniversario-de-su-fundacion\/","title":{"rendered":"Puerto San Mart\u00edn: Una bicicleteada familiar para seguir celebrando el 135 aniversario de su fundaci\u00f3n"},"content":{"rendered":"\n<p>Para seguir celebrando el 135 aniversario de la ciudad, la familia puertense disfrut\u00f3 este domingo de la tradicional bicicleteada por los barrios de la ciudad, donde adultos y ni\u00f1os de todas las edades, protagonizaron con mucho entusiasmo esta jornada recreativa.<\/p>\n\n\n\n<p>Con el Centro Cultural Municipal como punto de partida y llegada, los ciclistas recorrieron un circuito dise\u00f1ado para poder contemplar a su paso las grandes obras que exhiben el progreso de una ciudad, y contribuye a fortalecer los v\u00ednculos como comunidad para seguir disfrut\u00e1ndola.<\/p>\n\n\n\n<figure class=\"wp-block-image size-large\"><img loading=\"lazy\" decoding=\"async\" width=\"1024\" height=\"683\" src=\"https:\/\/www.noticiasmas.com.ar\/wp-content\/uploads\/2024\/11\/Bicicleteada-Carlitos-1024x683.jpg\" alt=\"\" class=\"wp-image-10784\" srcset=\"https:\/\/www.noticiasmas.com.ar\/wp-content\/uploads\/2024\/11\/Bicicleteada-Carlitos-1024x683.jpg 1024w, https:\/\/www.noticiasmas.com.ar\/wp-content\/uploads\/2024\/11\/Bicicleteada-Carlitos-300x200.jpg 300w, https:\/\/www.noticiasmas.com.ar\/wp-content\/uploads\/2024\/11\/Bicicleteada-Carlitos-768x512.jpg 768w, https:\/\/www.noticiasmas.com.ar\/wp-content\/uploads\/2024\/11\/Bicicleteada-Carlitos-150x100.jpg 150w, https:\/\/www.noticiasmas.com.ar\/wp-content\/uploads\/2024\/11\/Bicicleteada-Carlitos-696x464.jpg 696w, https:\/\/www.noticiasmas.com.ar\/wp-content\/uploads\/2024\/11\/Bicicleteada-Carlitos-1068x712.jpg 1068w, https:\/\/www.noticiasmas.com.ar\/wp-content\/uploads\/2024\/11\/Bicicleteada-Carlitos.jpg 1200w\" sizes=\"auto, (max-width: 1024px) 100vw, 1024px\" \/><\/figure>\n\n\n\n<p>Del recorrido, particip\u00f3 el Intendente Municipal, Carlos De Grandis, el presidente del Concejo Municipal, Juan Manuel De Grandis, los concejales Maximiliano De Grandis y Joana Passoni, el secretario de Educaci\u00f3n, Sebasti\u00e1n Lezcano, de Desarrollo Social, Fernando Torrens, el director del Museo del R\u00edo Paran\u00e1, Jonatan Brest, el director de Deportes, Gustavo Rojas, y de Salud, Walter Garc\u00eda.&nbsp;<\/p>\n\n\n\n<p>Con puestos de descanso e hidrataci\u00f3n previstos durante el trayecto, los participantes fueron visitando lugares emblem\u00e1ticos para formar una postal que enorgullece a la ciudad. As\u00ed, del recorrido se pudo apreciar el Museo del R\u00edo Paran\u00e1, el Teatro Municipal, el futuro Centro de Diagn\u00f3stico por Im\u00e1genes que se inaugurar\u00e1 el 14 de noviembre, el Megaestadio \u201c4 de Junio\u201d, y la pujante zona oeste de la ciudad donde se encuentra el Puerto de la Infancias y el Polo Educativo PGSM.<\/p>\n\n\n\n<p>La caravana de bicicletas fue guiada y alentada por una trafic que, a pura m\u00fasica y sirena, y con la conducci\u00f3n de Liliana Vay, acompa\u00f1\u00f3 al personal del CPC, la ambulancia de la Secretar\u00eda de Salud, personal y m\u00f3viles afectados de las distintas \u00e1reas asignadas para adelantar los cortes de calles y eventuales emergencias. Recorrieron la calle C\u00f3rdoba hasta el Puerto de las Infancias, Barrio Tierra de Sue\u00f1os, Bulevar Am\u00e9rica, Belgrano, y Mendoza.<\/p>\n\n\n\n<figure class=\"wp-block-image size-large\"><img loading=\"lazy\" decoding=\"async\" width=\"1024\" height=\"683\" src=\"https:\/\/www.noticiasmas.com.ar\/wp-content\/uploads\/2024\/11\/Bicicleteada-Juan-Maxi-1024x683.jpg\" alt=\"\" class=\"wp-image-10785\" srcset=\"https:\/\/www.noticiasmas.com.ar\/wp-content\/uploads\/2024\/11\/Bicicleteada-Juan-Maxi-1024x683.jpg 1024w, https:\/\/www.noticiasmas.com.ar\/wp-content\/uploads\/2024\/11\/Bicicleteada-Juan-Maxi-300x200.jpg 300w, https:\/\/www.noticiasmas.com.ar\/wp-content\/uploads\/2024\/11\/Bicicleteada-Juan-Maxi-768x512.jpg 768w, https:\/\/www.noticiasmas.com.ar\/wp-content\/uploads\/2024\/11\/Bicicleteada-Juan-Maxi-150x100.jpg 150w, https:\/\/www.noticiasmas.com.ar\/wp-content\/uploads\/2024\/11\/Bicicleteada-Juan-Maxi-696x464.jpg 696w, https:\/\/www.noticiasmas.com.ar\/wp-content\/uploads\/2024\/11\/Bicicleteada-Juan-Maxi-1068x712.jpg 1068w, https:\/\/www.noticiasmas.com.ar\/wp-content\/uploads\/2024\/11\/Bicicleteada-Juan-Maxi.jpg 1200w\" sizes=\"auto, (max-width: 1024px) 100vw, 1024px\" \/><\/figure>\n\n\n\n<p>\u201cEs una fiesta familiar, cada a\u00f1o es mejor. Este es el sentido de la bicicleteada, pasarla en familia y recorrer la ciudad\u201d, se\u00f1al\u00f3 el Intendente que dedic\u00f3 unas sentidas palabras a la figura del ex secretario de Urbanismo, Jorge Blaffert, recientemente fallecido. \u201cA sido un gran colaborador en todo sentido, m\u00e1s all\u00e1 de lo urban\u00edstico. Le hubiera gustado estar aqu\u00ed. La vida nos pone ante estas situaciones. Por eso hay que disfrutar el d\u00eda a d\u00eda, compartirlo. \u00c9l disfrut\u00f3 haciendo muchas cosas por su ciudad\u201d, manifest\u00f3.<\/p>\n\n\n\n<p>En tanto, Juan Manuel De Grandis, se sum\u00f3 al recuerdo para Jorge Blaffert. \u201cUn d\u00eda para recordar a un amigo, lo vamos a llevar en nuestros corazones\u201d, dijo.<\/p>\n\n\n\n<p>Con mucha felicidad el recorrido culmin\u00f3 en la Plaza Seca, donde hubo sorteos de 10 bicicletas y 10 remeras de Punta Quebracho, y 4 del Duatl\u00f3n, y mucha m\u00fasica para bailar y celebrar el \u00e9xito de la jornada.<\/p>\n","protected":false},"excerpt":{"rendered":"<p>Para seguir celebrando el 135 aniversario de la ciudad, la familia puertense disfrut\u00f3 este domingo de la tradicional bicicleteada por los barrios de la ciudad, donde adultos y ni\u00f1os de todas las edades, protagonizaron con mucho entusiasmo esta jornada recreativa. Con el Centro Cultural Municipal como punto de partida y llegada, los ciclistas recorrieron un [&hellip;]<\/p>\n","protected":false},"author":5,"featured_media":10786,"comment_status":"closed","ping_status":"open","sticky":false,"template":"","format":"standard","meta":{"tdm_status":"","tdm_grid_status":"","footnotes":""},"categories":[13],"tags":[3424,3423,1654],"class_list":{"0":"post-10783","1":"post","2":"type-post","3":"status-publish","4":"format-standard","5":"has-post-thumbnail","7":"category-region","8":"tag-135o-aniversario","9":"tag-bicicleteada","10":"tag-puerto-gral-san-martin"},"_links":{"self":[{"href":"https:\/\/www.noticiasmas.com.ar\/index.php\/wp-json\/wp\/v2\/posts\/10783","targetHints":{"allow":["GET"]}}],"collection":[{"href":"https:\/\/www.noticiasmas.com.ar\/index.php\/wp-json\/wp\/v2\/posts"}],"about":[{"href":"https:\/\/www.noticiasmas.com.ar\/index.php\/wp-json\/wp\/v2\/types\/post"}],"author":[{"embeddable":true,"href":"https:\/\/www.noticiasmas.com.ar\/index.php\/wp-json\/wp\/v2\/users\/5"}],"replies":[{"embeddable":true,"href":"https:\/\/www.noticiasmas.com.ar\/index.php\/wp-json\/wp\/v2\/comments?post=10783"}],"version-history":[{"count":1,"href":"https:\/\/www.noticiasmas.com.ar\/index.php\/wp-json\/wp\/v2\/posts\/10783\/revisions"}],"predecessor-version":[{"id":10787,"href":"https:\/\/www.noticiasmas.com.ar\/index.php\/wp-json\/wp\/v2\/posts\/10783\/revisions\/10787"}],"wp:featuredmedia":[{"embeddable":true,"href":"https:\/\/www.noticiasmas.com.ar\/index.php\/wp-json\/wp\/v2\/media\/10786"}],"wp:attachment":[{"href":"https:\/\/www.noticiasmas.com.ar\/index.php\/wp-json\/wp\/v2\/media?parent=10783"}],"wp:term":[{"taxonomy":"category","embeddable":true,"href":"https:\/\/www.noticiasmas.com.ar\/index.php\/wp-json\/wp\/v2\/categories?post=10783"},{"taxonomy":"post_tag","embeddable":true,"href":"https:\/\/www.noticiasmas.com.ar\/index.php\/wp-json\/wp\/v2\/tags?post=10783"}],"curies":[{"name":"wp","href":"https:\/\/api.w.org\/{rel}","templated":true}]}}