{"id":10799,"date":"2024-11-06T07:29:45","date_gmt":"2024-11-06T10:29:45","guid":{"rendered":"https:\/\/www.noticiasmas.com.ar\/?p=10799"},"modified":"2024-11-06T07:29:48","modified_gmt":"2024-11-06T10:29:48","slug":"pullaro-visito-a-milei-y-se-vino-conforme-de-capital-federal","status":"publish","type":"post","link":"https:\/\/www.noticiasmas.com.ar\/index.php\/2024\/11\/06\/pullaro-visito-a-milei-y-se-vino-conforme-de-capital-federal\/","title":{"rendered":"Pullaro visit\u00f3 a Milei y se vino conforme de Capital Federal"},"content":{"rendered":"\n<p>El gobernador santafesino Maximiliano Pullaro particip\u00f3 este martes de un encuentro, junto a los gobernadores de todo el pa\u00eds ligados a la Uni\u00f3n C\u00edvica Radical, con el presidente Javier Milei, donde en l\u00edneas generales, se habl\u00f3 de los distintos puntos de conflicto que Naci\u00f3n mantiene con el interior, pero principalmente, de si va a existir o no apoyo de las distintas regiones para con el Presupuesto 2025.<\/p>\n\n\n\n<p>En ese aspecto, el resultado, al menos por ahora, es positivo para el Gobierno Nacional: los gobernadores de Corrientes, Gustavo Vald\u00e9s; Chaco, Leandro Zdero; de Jujuy, Carlos Sadir; y de Mendoza, Alfredo Cornejo, junto al mencionado Pullaro, aseguraron el apoyo a la ley de Presupuesto que debe resolverse a\u00fan en el Congreso de la Naci\u00f3n.<\/p>\n\n\n\n<p>El gobernadro santafesino afirm\u00f3 que se habl\u00f3 de la hidrov\u00eda, punto sobre la cual sostuvo que \u201ces fundamental estar encima de la licitaci\u00f3n de la Hidrov\u00eda que est\u00e1 llevando adelante el Gobierno Nacional, porque nuestras provincias son litorale\u00f1as, y entendemos que para un dise\u00f1o de desarrollo en infraestructura, no basta con hablar del calado y del balizamiento\u201d.<\/p>\n\n\n\n<p>\u201cPese a muchos recortes que tuvimos del orden nacional, en la provincia hemos ordenado nuestras cuentas, porque Santa Fe ten\u00eda d\u00e9ficit y una deuda flotante muy importante y logramos el equilibrio fiscal; ahora pretendemos lograr la senda del crecimiento, y para eso esperamos que el Gobierno Nacional tambi\u00e9n trabaje a nuestro lado\u201d, remarc\u00f3 Pullaro.&nbsp;&nbsp;<\/p>\n\n\n\n<p>Por \u00faltimo, el gobernador manifest\u00f3 que \u201cArgentina necesita que todos estemos pensando de qu\u00e9 manera podemos salir adelante; y necesita una dirigencia pol\u00edtica, que m\u00e1s all\u00e1 de sus diferencias, pueda dialogar. Siempre vamos a estar a favor del di\u00e1logo, porque para nosotros es muy constructivo\u201d, concluy\u00f3.<\/p>\n","protected":false},"excerpt":{"rendered":"<p>El gobernador santafesino Maximiliano Pullaro particip\u00f3 este martes de un encuentro, junto a los gobernadores de todo el pa\u00eds ligados a la Uni\u00f3n C\u00edvica Radical, con el presidente Javier Milei, donde en l\u00edneas generales, se habl\u00f3 de los distintos puntos de conflicto que Naci\u00f3n mantiene con el interior, pero principalmente, de si va a existir [&hellip;]<\/p>\n","protected":false},"author":9,"featured_media":10800,"comment_status":"closed","ping_status":"open","sticky":false,"template":"","format":"standard","meta":{"tdm_status":"","tdm_grid_status":"","footnotes":""},"categories":[8],"tags":[611,102,36,295],"class_list":{"0":"post-10799","1":"post","2":"type-post","3":"status-publish","4":"format-standard","5":"has-post-thumbnail","7":"category-politica","8":"tag-casa-rosada","9":"tag-milei","10":"tag-pullaro","11":"tag-ucr"},"_links":{"self":[{"href":"https:\/\/www.noticiasmas.com.ar\/index.php\/wp-json\/wp\/v2\/posts\/10799","targetHints":{"allow":["GET"]}}],"collection":[{"href":"https:\/\/www.noticiasmas.com.ar\/index.php\/wp-json\/wp\/v2\/posts"}],"about":[{"href":"https:\/\/www.noticiasmas.com.ar\/index.php\/wp-json\/wp\/v2\/types\/post"}],"author":[{"embeddable":true,"href":"https:\/\/www.noticiasmas.com.ar\/index.php\/wp-json\/wp\/v2\/users\/9"}],"replies":[{"embeddable":true,"href":"https:\/\/www.noticiasmas.com.ar\/index.php\/wp-json\/wp\/v2\/comments?post=10799"}],"version-history":[{"count":1,"href":"https:\/\/www.noticiasmas.com.ar\/index.php\/wp-json\/wp\/v2\/posts\/10799\/revisions"}],"predecessor-version":[{"id":10801,"href":"https:\/\/www.noticiasmas.com.ar\/index.php\/wp-json\/wp\/v2\/posts\/10799\/revisions\/10801"}],"wp:featuredmedia":[{"embeddable":true,"href":"https:\/\/www.noticiasmas.com.ar\/index.php\/wp-json\/wp\/v2\/media\/10800"}],"wp:attachment":[{"href":"https:\/\/www.noticiasmas.com.ar\/index.php\/wp-json\/wp\/v2\/media?parent=10799"}],"wp:term":[{"taxonomy":"category","embeddable":true,"href":"https:\/\/www.noticiasmas.com.ar\/index.php\/wp-json\/wp\/v2\/categories?post=10799"},{"taxonomy":"post_tag","embeddable":true,"href":"https:\/\/www.noticiasmas.com.ar\/index.php\/wp-json\/wp\/v2\/tags?post=10799"}],"curies":[{"name":"wp","href":"https:\/\/api.w.org\/{rel}","templated":true}]}}