{"id":10823,"date":"2024-11-06T19:49:20","date_gmt":"2024-11-06T22:49:20","guid":{"rendered":"https:\/\/www.noticiasmas.com.ar\/?p=10823"},"modified":"2024-11-06T19:49:23","modified_gmt":"2024-11-06T22:49:23","slug":"multitudinaria-fiesta-provincial-de-la-cumbia-en-puerto-san-martin-con-grandes-artistas","status":"publish","type":"post","link":"https:\/\/www.noticiasmas.com.ar\/index.php\/2024\/11\/06\/multitudinaria-fiesta-provincial-de-la-cumbia-en-puerto-san-martin-con-grandes-artistas\/","title":{"rendered":"Multitudinaria Fiesta Provincial de la Cumbia en Puerto San Mart\u00edn con grandes artistas"},"content":{"rendered":"\n<p>Para seguir celebrando el 135 aniversario de la ciudad, Puerto convoc\u00f3 anoche a una verdadera multitud en el Parque Linda Vista para celebrar el Dia Provincial de la Cumbia, con grandes exponentes arriba del escenario mayor como Los Palmae, Azul Saita y Mario Pereyra, y Dando Clase, quienes desataron una verdadera explosi\u00f3n tropical para bailar y cantar toda la jornada, y un p\u00fablico con la energ\u00eda positiva para sentirse parte de estos festejos por un nuevo aniversario de su ciudad.<\/p>\n\n\n\n<figure class=\"wp-block-image size-large\"><img loading=\"lazy\" decoding=\"async\" width=\"1024\" height=\"683\" src=\"https:\/\/www.noticiasmas.com.ar\/wp-content\/uploads\/2024\/11\/Azul-Saita-Carlitos-1024x683.jpg\" alt=\"\" class=\"wp-image-10824\" srcset=\"https:\/\/www.noticiasmas.com.ar\/wp-content\/uploads\/2024\/11\/Azul-Saita-Carlitos-1024x683.jpg 1024w, https:\/\/www.noticiasmas.com.ar\/wp-content\/uploads\/2024\/11\/Azul-Saita-Carlitos-300x200.jpg 300w, https:\/\/www.noticiasmas.com.ar\/wp-content\/uploads\/2024\/11\/Azul-Saita-Carlitos-768x512.jpg 768w, https:\/\/www.noticiasmas.com.ar\/wp-content\/uploads\/2024\/11\/Azul-Saita-Carlitos-150x100.jpg 150w, https:\/\/www.noticiasmas.com.ar\/wp-content\/uploads\/2024\/11\/Azul-Saita-Carlitos-696x464.jpg 696w, https:\/\/www.noticiasmas.com.ar\/wp-content\/uploads\/2024\/11\/Azul-Saita-Carlitos-1068x712.jpg 1068w, https:\/\/www.noticiasmas.com.ar\/wp-content\/uploads\/2024\/11\/Azul-Saita-Carlitos.jpg 1200w\" sizes=\"auto, (max-width: 1024px) 100vw, 1024px\" \/><\/figure>\n\n\n\n<p>La cumbia santafesina, g\u00e9nero musical de excelencia para bailar y pasarla bien, fue protagonista para movilizar a la multitud de familias de la ciudad y la regi\u00f3n que asistieron con mucho fervor y ganas de celebrar.<\/p>\n\n\n\n<p>El Intendente Municipal, Carlos De Grandis particip\u00f3 de la jornada junto a su equipo de Gobierno, el presidente del Concejo Municipal, Juan Manuel De Grandis, los concejales Maximiliano De Grandis, y Joana Passoni. Como es costumbre en la trastienda del escenario, De Grandis y los concejales recibieron con mucho entusiasmo y agradecimiento a los artistas centrales del evento.<\/p>\n\n\n\n<figure class=\"wp-block-image size-large\"><img loading=\"lazy\" decoding=\"async\" width=\"1024\" height=\"683\" src=\"https:\/\/www.noticiasmas.com.ar\/wp-content\/uploads\/2024\/11\/Azul-Saita-publico-1024x683.jpg\" alt=\"\" class=\"wp-image-10825\" srcset=\"https:\/\/www.noticiasmas.com.ar\/wp-content\/uploads\/2024\/11\/Azul-Saita-publico-1024x683.jpg 1024w, https:\/\/www.noticiasmas.com.ar\/wp-content\/uploads\/2024\/11\/Azul-Saita-publico-300x200.jpg 300w, https:\/\/www.noticiasmas.com.ar\/wp-content\/uploads\/2024\/11\/Azul-Saita-publico-768x512.jpg 768w, https:\/\/www.noticiasmas.com.ar\/wp-content\/uploads\/2024\/11\/Azul-Saita-publico-150x100.jpg 150w, https:\/\/www.noticiasmas.com.ar\/wp-content\/uploads\/2024\/11\/Azul-Saita-publico-696x464.jpg 696w, https:\/\/www.noticiasmas.com.ar\/wp-content\/uploads\/2024\/11\/Azul-Saita-publico-1068x712.jpg 1068w, https:\/\/www.noticiasmas.com.ar\/wp-content\/uploads\/2024\/11\/Azul-Saita-publico.jpg 1200w\" sizes=\"auto, (max-width: 1024px) 100vw, 1024px\" \/><\/figure>\n\n\n\n<p>\u201cLos artistas han hecho shows espectaculares. Azul Saita y Los Palmae actuaron por primera vez en la ciudad y seguramente no ser\u00e1 la \u00faltima. Nos gusta disfrutar de nuestro p\u00fablico que ama la cumbia. Hac\u00eda tiempo que quer\u00edamos traer a Los Palmae, son unos fen\u00f3menos\u201d, manifest\u00f3 De Grandis.<\/p>\n\n\n\n<p>El evento art\u00edstico masivo, muy esperado del mes aniversario, arranc\u00f3 por la tarde con la presentaci\u00f3n del Grupo Dando Clase, quienes fueron muy aplaudidos por calentar la previa de una verdadera fiesta colectiva. Las familias pudieron disfrutar de la oferta gastron\u00f3mica, feriantes, y emprendedores que expusieron sus productos a la venta para sumar un servicio importante en la jornada.<\/p>\n\n\n\n<figure class=\"wp-block-image size-large\"><img loading=\"lazy\" decoding=\"async\" width=\"1024\" height=\"683\" src=\"https:\/\/www.noticiasmas.com.ar\/wp-content\/uploads\/2024\/11\/Los-Palmae-Carlitos-1024x683.jpg\" alt=\"\" class=\"wp-image-10826\" srcset=\"https:\/\/www.noticiasmas.com.ar\/wp-content\/uploads\/2024\/11\/Los-Palmae-Carlitos-1024x683.jpg 1024w, https:\/\/www.noticiasmas.com.ar\/wp-content\/uploads\/2024\/11\/Los-Palmae-Carlitos-300x200.jpg 300w, https:\/\/www.noticiasmas.com.ar\/wp-content\/uploads\/2024\/11\/Los-Palmae-Carlitos-768x512.jpg 768w, https:\/\/www.noticiasmas.com.ar\/wp-content\/uploads\/2024\/11\/Los-Palmae-Carlitos-150x100.jpg 150w, https:\/\/www.noticiasmas.com.ar\/wp-content\/uploads\/2024\/11\/Los-Palmae-Carlitos-696x464.jpg 696w, https:\/\/www.noticiasmas.com.ar\/wp-content\/uploads\/2024\/11\/Los-Palmae-Carlitos-1068x712.jpg 1068w, https:\/\/www.noticiasmas.com.ar\/wp-content\/uploads\/2024\/11\/Los-Palmae-Carlitos.jpg 1200w\" sizes=\"auto, (max-width: 1024px) 100vw, 1024px\" \/><\/figure>\n\n\n\n<p>Azul Saita, con 22 a\u00f1os y oriunda de Zavalla, es una artista que comenz\u00f3 a cantar a los 10 a\u00f1os, y hoy es una cantante de cumbia con un gran \u00e9xito, que se vio reflejado anoche con su encanto para interpretar con su banda canciones que mezclan cumbia santafesina con cumbia pop, reggaet\u00f3n y covers.<\/p>\n\n\n\n<p>Luego, subieron al escenario Los Palmae, herederos del legendario grupo santafesino Los Palmeras, que comenzaron a establecer su camino en el mundo de la m\u00fasica hace un poco tiempo. Subieron al escenario sus diez integrantes, entre ellos, Marcos Camino, hijo del acordeonista y uno de los fundadores de Los Palmeras.<\/p>\n\n\n\n<figure class=\"wp-block-image size-large\"><img loading=\"lazy\" decoding=\"async\" width=\"1024\" height=\"683\" src=\"https:\/\/www.noticiasmas.com.ar\/wp-content\/uploads\/2024\/11\/Los-Palmae-1024x683.jpg\" alt=\"\" class=\"wp-image-10827\" srcset=\"https:\/\/www.noticiasmas.com.ar\/wp-content\/uploads\/2024\/11\/Los-Palmae-1024x683.jpg 1024w, https:\/\/www.noticiasmas.com.ar\/wp-content\/uploads\/2024\/11\/Los-Palmae-300x200.jpg 300w, https:\/\/www.noticiasmas.com.ar\/wp-content\/uploads\/2024\/11\/Los-Palmae-768x512.jpg 768w, https:\/\/www.noticiasmas.com.ar\/wp-content\/uploads\/2024\/11\/Los-Palmae-150x100.jpg 150w, https:\/\/www.noticiasmas.com.ar\/wp-content\/uploads\/2024\/11\/Los-Palmae-696x464.jpg 696w, https:\/\/www.noticiasmas.com.ar\/wp-content\/uploads\/2024\/11\/Los-Palmae-1068x712.jpg 1068w, https:\/\/www.noticiasmas.com.ar\/wp-content\/uploads\/2024\/11\/Los-Palmae.jpg 1200w\" sizes=\"auto, (max-width: 1024px) 100vw, 1024px\" \/><\/figure>\n\n\n\n<p>La noche se coron\u00f3 con la actuaci\u00f3n del gran Mario Pereyra, uno de los m\u00e1ximos exponentes de la cumbia santafesina, subi\u00f3 al escenario para levantar la temperatura con sus grandes \u00e9xitos, sus cl\u00e1sicos de siempre tan esperado por un p\u00fablico fiel que lo acompa\u00f1an en cada presentaci\u00f3n. &nbsp;<\/p>\n","protected":false},"excerpt":{"rendered":"<p>Para seguir celebrando el 135 aniversario de la ciudad, Puerto convoc\u00f3 anoche a una verdadera multitud en el Parque Linda Vista para celebrar el Dia Provincial de la Cumbia, con grandes exponentes arriba del escenario mayor como Los Palmae, Azul Saita y Mario Pereyra, y Dando Clase, quienes desataron una verdadera explosi\u00f3n tropical para bailar [&hellip;]<\/p>\n","protected":false},"author":5,"featured_media":10828,"comment_status":"closed","ping_status":"open","sticky":false,"template":"","format":"standard","meta":{"tdm_status":"","tdm_grid_status":"","footnotes":""},"categories":[13],"tags":[3424,3431,1654],"class_list":{"0":"post-10823","1":"post","2":"type-post","3":"status-publish","4":"format-standard","5":"has-post-thumbnail","7":"category-region","8":"tag-135o-aniversario","9":"tag-dia-provincial-de-la-cumbia","10":"tag-puerto-gral-san-martin"},"_links":{"self":[{"href":"https:\/\/www.noticiasmas.com.ar\/index.php\/wp-json\/wp\/v2\/posts\/10823","targetHints":{"allow":["GET"]}}],"collection":[{"href":"https:\/\/www.noticiasmas.com.ar\/index.php\/wp-json\/wp\/v2\/posts"}],"about":[{"href":"https:\/\/www.noticiasmas.com.ar\/index.php\/wp-json\/wp\/v2\/types\/post"}],"author":[{"embeddable":true,"href":"https:\/\/www.noticiasmas.com.ar\/index.php\/wp-json\/wp\/v2\/users\/5"}],"replies":[{"embeddable":true,"href":"https:\/\/www.noticiasmas.com.ar\/index.php\/wp-json\/wp\/v2\/comments?post=10823"}],"version-history":[{"count":1,"href":"https:\/\/www.noticiasmas.com.ar\/index.php\/wp-json\/wp\/v2\/posts\/10823\/revisions"}],"predecessor-version":[{"id":10829,"href":"https:\/\/www.noticiasmas.com.ar\/index.php\/wp-json\/wp\/v2\/posts\/10823\/revisions\/10829"}],"wp:featuredmedia":[{"embeddable":true,"href":"https:\/\/www.noticiasmas.com.ar\/index.php\/wp-json\/wp\/v2\/media\/10828"}],"wp:attachment":[{"href":"https:\/\/www.noticiasmas.com.ar\/index.php\/wp-json\/wp\/v2\/media?parent=10823"}],"wp:term":[{"taxonomy":"category","embeddable":true,"href":"https:\/\/www.noticiasmas.com.ar\/index.php\/wp-json\/wp\/v2\/categories?post=10823"},{"taxonomy":"post_tag","embeddable":true,"href":"https:\/\/www.noticiasmas.com.ar\/index.php\/wp-json\/wp\/v2\/tags?post=10823"}],"curies":[{"name":"wp","href":"https:\/\/api.w.org\/{rel}","templated":true}]}}