{"id":10830,"date":"2024-11-06T20:19:30","date_gmt":"2024-11-06T23:19:30","guid":{"rendered":"https:\/\/www.noticiasmas.com.ar\/?p=10830"},"modified":"2024-11-06T20:19:34","modified_gmt":"2024-11-06T23:19:34","slug":"alumnas-timbuenses-participaron-del-programa-nacional-formando-emprendedores","status":"publish","type":"post","link":"https:\/\/www.noticiasmas.com.ar\/index.php\/2024\/11\/06\/alumnas-timbuenses-participaron-del-programa-nacional-formando-emprendedores\/","title":{"rendered":"Alumnas timbuenses participaron del Programa Nacional &#8220;Formando Emprendedores&#8221;"},"content":{"rendered":"\n<p>El presidente comunal, Antonio Fiorenza, felicita a las alumnas de la Escuela EESO N\u00b0374 quienes fueron parte del certamen &#8220;Formando Emprendedores&#8221;, logrando quedar en el puesto 20 a nivel interprovincial.<\/p>\n\n\n\n<p>Las participantes de Timb\u00faes fueron Candela Garrigues, Cielo Rom\u00e1n y Alma Villasboas, las \u00fanicas representantes de toda la provincia de Santa Fe.<\/p>\n\n\n\n<p>El certamen consiste en simular manejar una empresa, tomando decisiones para sortear diferentes vicisitudes. Consta de 5 per\u00edodos, cada uno de 20 minutos, pero en son 4 meses en la vida real. El equipo con m\u00e1s utilidades acumuladas al terminar el 5to periodo es el ganador.<\/p>\n\n\n<div class=\"wp-block-image\">\n<figure class=\"aligncenter size-full is-resized\"><img loading=\"lazy\" decoding=\"async\" width=\"756\" height=\"576\" src=\"https:\/\/www.noticiasmas.com.ar\/wp-content\/uploads\/2024\/11\/WhatsApp-Image-2024-11-06-at-18.37.06.jpeg\" alt=\"\" class=\"wp-image-10831\" style=\"width:543px;height:auto\" srcset=\"https:\/\/www.noticiasmas.com.ar\/wp-content\/uploads\/2024\/11\/WhatsApp-Image-2024-11-06-at-18.37.06.jpeg 756w, https:\/\/www.noticiasmas.com.ar\/wp-content\/uploads\/2024\/11\/WhatsApp-Image-2024-11-06-at-18.37.06-300x229.jpeg 300w, https:\/\/www.noticiasmas.com.ar\/wp-content\/uploads\/2024\/11\/WhatsApp-Image-2024-11-06-at-18.37.06-150x114.jpeg 150w, https:\/\/www.noticiasmas.com.ar\/wp-content\/uploads\/2024\/11\/WhatsApp-Image-2024-11-06-at-18.37.06-696x530.jpeg 696w\" sizes=\"auto, (max-width: 756px) 100vw, 756px\" \/><\/figure>\n<\/div>\n\n\n<p>Las alumnas timbuenses participaron en Rosario el mes de septiembre pasando en el puesto 9 al interprovincial realizado en Villa Giardino, el d\u00eda 30 de octubre. Jugaron la primera parte y pasaron a la 2da en el puesto 13. El \u00faltimo d\u00eda quedaron en el puesto 20 entre m\u00e1s de 800 equipos que hab\u00edan participado en todas las sedes.<\/p>\n\n\n\n<p>&#8220;Quiero felicitar a nuestras representantes locales, desde nuestro gobierno seguiremos apoyando y acompa\u00f1ando la educaci\u00f3n&#8221;, manifest\u00f3 Fiorenza.<\/p>\n","protected":false},"excerpt":{"rendered":"<p>El presidente comunal, Antonio Fiorenza, felicita a las alumnas de la Escuela EESO N\u00b0374 quienes fueron parte del certamen &#8220;Formando Emprendedores&#8221;, logrando quedar en el puesto 20 a nivel interprovincial. Las participantes de Timb\u00faes fueron Candela Garrigues, Cielo Rom\u00e1n y Alma Villasboas, las \u00fanicas representantes de toda la provincia de Santa Fe. El certamen consiste [&hellip;]<\/p>\n","protected":false},"author":3,"featured_media":10833,"comment_status":"closed","ping_status":"open","sticky":false,"template":"","format":"standard","meta":{"tdm_status":"","tdm_grid_status":"","footnotes":""},"categories":[13],"tags":[198,3432,197],"class_list":{"0":"post-10830","1":"post","2":"type-post","3":"status-publish","4":"format-standard","5":"has-post-thumbnail","7":"category-region","8":"tag-alumnos","9":"tag-eeso-n374","10":"tag-timbues"},"_links":{"self":[{"href":"https:\/\/www.noticiasmas.com.ar\/index.php\/wp-json\/wp\/v2\/posts\/10830","targetHints":{"allow":["GET"]}}],"collection":[{"href":"https:\/\/www.noticiasmas.com.ar\/index.php\/wp-json\/wp\/v2\/posts"}],"about":[{"href":"https:\/\/www.noticiasmas.com.ar\/index.php\/wp-json\/wp\/v2\/types\/post"}],"author":[{"embeddable":true,"href":"https:\/\/www.noticiasmas.com.ar\/index.php\/wp-json\/wp\/v2\/users\/3"}],"replies":[{"embeddable":true,"href":"https:\/\/www.noticiasmas.com.ar\/index.php\/wp-json\/wp\/v2\/comments?post=10830"}],"version-history":[{"count":2,"href":"https:\/\/www.noticiasmas.com.ar\/index.php\/wp-json\/wp\/v2\/posts\/10830\/revisions"}],"predecessor-version":[{"id":10834,"href":"https:\/\/www.noticiasmas.com.ar\/index.php\/wp-json\/wp\/v2\/posts\/10830\/revisions\/10834"}],"wp:featuredmedia":[{"embeddable":true,"href":"https:\/\/www.noticiasmas.com.ar\/index.php\/wp-json\/wp\/v2\/media\/10833"}],"wp:attachment":[{"href":"https:\/\/www.noticiasmas.com.ar\/index.php\/wp-json\/wp\/v2\/media?parent=10830"}],"wp:term":[{"taxonomy":"category","embeddable":true,"href":"https:\/\/www.noticiasmas.com.ar\/index.php\/wp-json\/wp\/v2\/categories?post=10830"},{"taxonomy":"post_tag","embeddable":true,"href":"https:\/\/www.noticiasmas.com.ar\/index.php\/wp-json\/wp\/v2\/tags?post=10830"}],"curies":[{"name":"wp","href":"https:\/\/api.w.org\/{rel}","templated":true}]}}