{"id":10919,"date":"2024-11-09T12:58:42","date_gmt":"2024-11-09T15:58:42","guid":{"rendered":"https:\/\/www.noticiasmas.com.ar\/?p=10919"},"modified":"2024-11-09T12:58:45","modified_gmt":"2024-11-09T15:58:45","slug":"para-seguir-celebrando-de-grandis-inauguro-una-nueva-etapa-de-obras-del-centro-comercial-a-cielo-abierto","status":"publish","type":"post","link":"https:\/\/www.noticiasmas.com.ar\/index.php\/2024\/11\/09\/para-seguir-celebrando-de-grandis-inauguro-una-nueva-etapa-de-obras-del-centro-comercial-a-cielo-abierto\/","title":{"rendered":"Para seguir celebrando, De Grandis inaugur\u00f3 una nueva etapa de obras del Centro Comercial a Cielo Abierto"},"content":{"rendered":"\n<p>En el marco de los festejos por el 135 aniversario de la ciudad, el Intendente Municipal, Carlos De Grandis, presidi\u00f3 esta tarde la inauguraci\u00f3n de una nueva etapa del Centro Comercial a Cielo Abierto, sobre la Avenida San Mart\u00edn, entre calles Nerbutti y C\u00f3rdoba, con la concurrencia de una gran cantidad de vecinos que pusieron disfrutar de un festivo momento que cont\u00f3 con el show musical del grupo Dando Clase y de la destreza de los alumnos de la academia de baile del CCM.<\/p>\n\n\n\n<figure class=\"wp-block-image size-large\"><img loading=\"lazy\" decoding=\"async\" width=\"1024\" height=\"683\" src=\"https:\/\/www.noticiasmas.com.ar\/wp-content\/uploads\/2024\/11\/Dando-Clase-1024x683.jpg\" alt=\"\" class=\"wp-image-10922\" srcset=\"https:\/\/www.noticiasmas.com.ar\/wp-content\/uploads\/2024\/11\/Dando-Clase-1024x683.jpg 1024w, https:\/\/www.noticiasmas.com.ar\/wp-content\/uploads\/2024\/11\/Dando-Clase-300x200.jpg 300w, https:\/\/www.noticiasmas.com.ar\/wp-content\/uploads\/2024\/11\/Dando-Clase-768x512.jpg 768w, https:\/\/www.noticiasmas.com.ar\/wp-content\/uploads\/2024\/11\/Dando-Clase-150x100.jpg 150w, https:\/\/www.noticiasmas.com.ar\/wp-content\/uploads\/2024\/11\/Dando-Clase-696x464.jpg 696w, https:\/\/www.noticiasmas.com.ar\/wp-content\/uploads\/2024\/11\/Dando-Clase-1068x712.jpg 1068w, https:\/\/www.noticiasmas.com.ar\/wp-content\/uploads\/2024\/11\/Dando-Clase.jpg 1200w\" sizes=\"auto, (max-width: 1024px) 100vw, 1024px\" \/><\/figure>\n\n\n\n<p>Como viene sucediendo en distintos sectores del centro urbano comercial, esta iniciativa busca poner en valor la zona peatonal y vehicular del sector, potenciar la oferta comercial y embellecer el centro.<\/p>\n\n\n\n<p><br>Con alegr\u00eda y sentimiento de comunidad, el especial momento fue compartido con la presencia del presidente del Concejo Municipal, Juan Manuel De Grandis, los concejales Sonia Grassano, Maximiliano De Grandis, y Joana Passoni, y miembros del gabinete municipal, comerciantes, empresarios y vecinos. Todos alentaron la cuenta regresiva para que personal del Departamento El\u00e9ctrico encendiera las modernas luminarias de la arteria.<\/p>\n\n\n\n<figure class=\"wp-block-image size-large\"><img loading=\"lazy\" decoding=\"async\" width=\"1024\" height=\"683\" src=\"https:\/\/www.noticiasmas.com.ar\/wp-content\/uploads\/2024\/11\/Centro-comercial-equipo-1024x683.jpg\" alt=\"\" class=\"wp-image-10920\" srcset=\"https:\/\/www.noticiasmas.com.ar\/wp-content\/uploads\/2024\/11\/Centro-comercial-equipo-1024x683.jpg 1024w, https:\/\/www.noticiasmas.com.ar\/wp-content\/uploads\/2024\/11\/Centro-comercial-equipo-300x200.jpg 300w, https:\/\/www.noticiasmas.com.ar\/wp-content\/uploads\/2024\/11\/Centro-comercial-equipo-768x512.jpg 768w, https:\/\/www.noticiasmas.com.ar\/wp-content\/uploads\/2024\/11\/Centro-comercial-equipo-150x100.jpg 150w, https:\/\/www.noticiasmas.com.ar\/wp-content\/uploads\/2024\/11\/Centro-comercial-equipo-696x464.jpg 696w, https:\/\/www.noticiasmas.com.ar\/wp-content\/uploads\/2024\/11\/Centro-comercial-equipo-1068x712.jpg 1068w, https:\/\/www.noticiasmas.com.ar\/wp-content\/uploads\/2024\/11\/Centro-comercial-equipo.jpg 1200w\" sizes=\"auto, (max-width: 1024px) 100vw, 1024px\" \/><\/figure>\n\n\n\n<p><br>\u201cEstamos felices por seguir sumando obras al Centro Comercial a Cielo Abierto, y ver c\u00f3mo mejoran la est\u00e9tica de los comercios, m\u00e1s bellos, muy lindos. Y esto en el marco de caso dos meses de actividades para celebrar el 135 aniversario de la ciudad\u201d, manifest\u00f3 De Grandis, quien record\u00f3 aquellos tiempos de su ni\u00f1ez con afecto, este sector de la ciudad donde la vida de barrio era el mate, las tortitas negras, y las bombitas de colores en la plaza: \u201cHasta Sandro y los del Fuego tocaron en un terreno bald\u00edo ac\u00e1\u201d, sorprendi\u00f3 al contar y destacar la actual fisonom\u00eda moderna de la arteria inaugurada.<\/p>\n\n\n\n<p><br>\u201cSeguiremos con estas obras por las distintas cuadras hacia el oeste, una vez que terminemos el centro. La ciudad se va agrandando, y hoy somos una ciudad que nos respetan y nos envidian sanamente, se lo debo mucho a nuestro equipo que trabajan denodadamente, y hoy en el D\u00eda del Empleado Municipal estaban todos trabajando en el municipio\u201d, resalt\u00f3 De Grandis.<\/p>\n\n\n\n<figure class=\"wp-block-image size-large\"><img loading=\"lazy\" decoding=\"async\" width=\"1024\" height=\"683\" src=\"https:\/\/www.noticiasmas.com.ar\/wp-content\/uploads\/2024\/11\/Centro-Comercial-vecinos-1024x683.jpg\" alt=\"\" class=\"wp-image-10923\" srcset=\"https:\/\/www.noticiasmas.com.ar\/wp-content\/uploads\/2024\/11\/Centro-Comercial-vecinos-1024x683.jpg 1024w, https:\/\/www.noticiasmas.com.ar\/wp-content\/uploads\/2024\/11\/Centro-Comercial-vecinos-300x200.jpg 300w, https:\/\/www.noticiasmas.com.ar\/wp-content\/uploads\/2024\/11\/Centro-Comercial-vecinos-768x512.jpg 768w, https:\/\/www.noticiasmas.com.ar\/wp-content\/uploads\/2024\/11\/Centro-Comercial-vecinos-150x100.jpg 150w, https:\/\/www.noticiasmas.com.ar\/wp-content\/uploads\/2024\/11\/Centro-Comercial-vecinos-696x464.jpg 696w, https:\/\/www.noticiasmas.com.ar\/wp-content\/uploads\/2024\/11\/Centro-Comercial-vecinos-1068x712.jpg 1068w, https:\/\/www.noticiasmas.com.ar\/wp-content\/uploads\/2024\/11\/Centro-Comercial-vecinos.jpg 1200w\" sizes=\"auto, (max-width: 1024px) 100vw, 1024px\" \/><\/figure>\n\n\n\n<p><br>En esta oportunidad, las tareas apuntaron a construir nuevos cordones y d\u00e1rsenas para estacionamiento de veh\u00edculos y demarcaci\u00f3n de estacionamiento de motocicletas, rampas para discapacitados en boca-calles, rampas para entradas vehiculares a cocheras particulares.<br>Como as\u00ed tambi\u00e9n, la renovaci\u00f3n y nivelaci\u00f3n de veredas con nuevo embaldosado gran\u00edtico bi-color, la colocaci\u00f3n de bolardos lum\u00ednicos en bocacalles, y la renovaci\u00f3n y reubicaci\u00f3n de arbolado p\u00fablico. Adem\u00e1s, se ampli\u00f3 la capacidad lum\u00ednica con la incorporaci\u00f3n de nuevas farolas y l\u00e1mparas, se renovaron los cestos para residuos p\u00fablicos y domiciliarios, y se incorpor\u00f3 nuevo mobiliario como bancos, bicicleteros y puertos de USB.<\/p>\n\n\n\n<figure class=\"wp-block-image size-large\"><img loading=\"lazy\" decoding=\"async\" width=\"1024\" height=\"683\" src=\"https:\/\/www.noticiasmas.com.ar\/wp-content\/uploads\/2024\/11\/centro-comercial-tramo-1024x683.jpg\" alt=\"\" class=\"wp-image-10921\" srcset=\"https:\/\/www.noticiasmas.com.ar\/wp-content\/uploads\/2024\/11\/centro-comercial-tramo-1024x683.jpg 1024w, https:\/\/www.noticiasmas.com.ar\/wp-content\/uploads\/2024\/11\/centro-comercial-tramo-300x200.jpg 300w, https:\/\/www.noticiasmas.com.ar\/wp-content\/uploads\/2024\/11\/centro-comercial-tramo-768x512.jpg 768w, https:\/\/www.noticiasmas.com.ar\/wp-content\/uploads\/2024\/11\/centro-comercial-tramo-150x100.jpg 150w, https:\/\/www.noticiasmas.com.ar\/wp-content\/uploads\/2024\/11\/centro-comercial-tramo-696x464.jpg 696w, https:\/\/www.noticiasmas.com.ar\/wp-content\/uploads\/2024\/11\/centro-comercial-tramo-1068x712.jpg 1068w, https:\/\/www.noticiasmas.com.ar\/wp-content\/uploads\/2024\/11\/centro-comercial-tramo.jpg 1200w\" sizes=\"auto, (max-width: 1024px) 100vw, 1024px\" \/><\/figure>\n\n\n\n<p><br>No menos importante, fue la tarea subterr\u00e1nea, con una nueva red de agua potable en ambas veredas, que reemplaza al viejo conducto que circulaba por una sola vereda, nuevos desag\u00fces pluviales domiciliarios hacia calzada, conexi\u00f3n a red cloacal de antiguos desag\u00fces de aguas servidas detectados, instalaci\u00f3n de cableado subterr\u00e1neo para alimentaci\u00f3n de nuevas luminarias.<\/p>\n","protected":false},"excerpt":{"rendered":"<p>En el marco de los festejos por el 135 aniversario de la ciudad, el Intendente Municipal, Carlos De Grandis, presidi\u00f3 esta tarde la inauguraci\u00f3n de una nueva etapa del Centro Comercial a Cielo Abierto, sobre la Avenida San Mart\u00edn, entre calles Nerbutti y C\u00f3rdoba, con la concurrencia de una gran cantidad de vecinos que pusieron [&hellip;]<\/p>\n","protected":false},"author":5,"featured_media":10924,"comment_status":"closed","ping_status":"open","sticky":false,"template":"","format":"standard","meta":{"tdm_status":"","tdm_grid_status":"","footnotes":""},"categories":[13],"tags":[3424,2670,3445,1654],"class_list":{"0":"post-10919","1":"post","2":"type-post","3":"status-publish","4":"format-standard","5":"has-post-thumbnail","7":"category-region","8":"tag-135o-aniversario","9":"tag-centro-comercial-cielo-abierto","10":"tag-nuevo-tramo","11":"tag-puerto-gral-san-martin"},"_links":{"self":[{"href":"https:\/\/www.noticiasmas.com.ar\/index.php\/wp-json\/wp\/v2\/posts\/10919","targetHints":{"allow":["GET"]}}],"collection":[{"href":"https:\/\/www.noticiasmas.com.ar\/index.php\/wp-json\/wp\/v2\/posts"}],"about":[{"href":"https:\/\/www.noticiasmas.com.ar\/index.php\/wp-json\/wp\/v2\/types\/post"}],"author":[{"embeddable":true,"href":"https:\/\/www.noticiasmas.com.ar\/index.php\/wp-json\/wp\/v2\/users\/5"}],"replies":[{"embeddable":true,"href":"https:\/\/www.noticiasmas.com.ar\/index.php\/wp-json\/wp\/v2\/comments?post=10919"}],"version-history":[{"count":1,"href":"https:\/\/www.noticiasmas.com.ar\/index.php\/wp-json\/wp\/v2\/posts\/10919\/revisions"}],"predecessor-version":[{"id":10925,"href":"https:\/\/www.noticiasmas.com.ar\/index.php\/wp-json\/wp\/v2\/posts\/10919\/revisions\/10925"}],"wp:featuredmedia":[{"embeddable":true,"href":"https:\/\/www.noticiasmas.com.ar\/index.php\/wp-json\/wp\/v2\/media\/10924"}],"wp:attachment":[{"href":"https:\/\/www.noticiasmas.com.ar\/index.php\/wp-json\/wp\/v2\/media?parent=10919"}],"wp:term":[{"taxonomy":"category","embeddable":true,"href":"https:\/\/www.noticiasmas.com.ar\/index.php\/wp-json\/wp\/v2\/categories?post=10919"},{"taxonomy":"post_tag","embeddable":true,"href":"https:\/\/www.noticiasmas.com.ar\/index.php\/wp-json\/wp\/v2\/tags?post=10919"}],"curies":[{"name":"wp","href":"https:\/\/api.w.org\/{rel}","templated":true}]}}