{"id":1101,"date":"2023-12-08T15:23:54","date_gmt":"2023-12-08T18:23:54","guid":{"rendered":"https:\/\/www.noticiasmas.com.ar\/?p=1101"},"modified":"2023-12-08T15:23:55","modified_gmt":"2023-12-08T18:23:55","slug":"tres-sujetos-aprehendidos-por-disparar-desde-un-auto-en-capitan-bermudez","status":"publish","type":"post","link":"https:\/\/www.noticiasmas.com.ar\/index.php\/2023\/12\/08\/tres-sujetos-aprehendidos-por-disparar-desde-un-auto-en-capitan-bermudez\/","title":{"rendered":"Tres sujetos aprehendidos por disparar desde un auto en Capit\u00e1n Berm\u00fadez"},"content":{"rendered":"\n<p>En la madrugada de este viernes, en la ciudad de Capit\u00e1n Berm\u00fadez, se llev\u00f3 a cabo la aprehensi\u00f3n de tres individuos tras reportes al Despacho 911. El personal del Comando Radioel\u00e9ctrico respondi\u00f3 a la llamada, situ\u00e1ndose en la Av. San Lorenzo, entre calles General L\u00f3pez y General Las Heras, donde un veh\u00edculo gris, identificado como un Audi A4, hab\u00eda realizado disparos al aire.<\/p>\n\n\n\n<p>Al llegar al lugar, los agentes intentaron identificar a los ocupantes del autom\u00f3vil. Sin embargo, al percatarse de la presencia policial, los individuos intentaron escapar. Fueron finalmente detenidos en la intersecci\u00f3n de las calles Av. Manuel Belgrano y Gral Las Heras. Los arrestados fueron identificados como S.A, de 23 a\u00f1os, oriundo de Granadero Baigorria; C.I.A, de 24 a\u00f1os, residente en la ciudad; y un tercer involucrado, menor de edad y tambi\u00e9n residente en Capit\u00e1n Berm\u00fadez.<\/p>\n\n\n\n<p>Durante la revisi\u00f3n del autom\u00f3vil, se encontr\u00f3 una pistola Bersa semiautom\u00e1tica, calibre 9mm Parabellum, junto con dos vainas servidas, una de las cuales estaba en el asiento del acompa\u00f1ante y la otra en la guantera. Adem\u00e1s, se hall\u00f3 un almac\u00e9n cargador marca Bersa en el compartimiento interno del veh\u00edculo, con cuatro cartuchos intactos marca CBC Luger 9mm.<\/p>\n\n\n\n<p>En el lugar, el personal de la Agencia de Investigaci\u00f3n Criminal (AIC) llev\u00f3 a cabo el levantamiento bal\u00edstico y pruebas de dermotest a los involucrados. La Fiscal\u00eda de turno del Ministerio P\u00fablico de la ciudad de San Lorenzo y el Juzgado de Menores intervienen en el caso.<\/p>\n","protected":false},"excerpt":{"rendered":"<p>En la madrugada de este viernes, en la ciudad de Capit\u00e1n Berm\u00fadez, se llev\u00f3 a cabo la aprehensi\u00f3n de tres individuos tras reportes al Despacho 911. El personal del Comando Radioel\u00e9ctrico respondi\u00f3 a la llamada, situ\u00e1ndose en la Av. San Lorenzo, entre calles General L\u00f3pez y General Las Heras, donde un veh\u00edculo gris, identificado como [&hellip;]<\/p>\n","protected":false},"author":3,"featured_media":1102,"comment_status":"closed","ping_status":"open","sticky":false,"template":"","format":"standard","meta":{"tdm_status":"","tdm_grid_status":"","footnotes":""},"categories":[9],"tags":[382,121],"class_list":{"0":"post-1101","1":"post","2":"type-post","3":"status-publish","4":"format-standard","5":"has-post-thumbnail","7":"category-policiales","8":"tag-abuso-de-armas","9":"tag-detenidos"},"_links":{"self":[{"href":"https:\/\/www.noticiasmas.com.ar\/index.php\/wp-json\/wp\/v2\/posts\/1101","targetHints":{"allow":["GET"]}}],"collection":[{"href":"https:\/\/www.noticiasmas.com.ar\/index.php\/wp-json\/wp\/v2\/posts"}],"about":[{"href":"https:\/\/www.noticiasmas.com.ar\/index.php\/wp-json\/wp\/v2\/types\/post"}],"author":[{"embeddable":true,"href":"https:\/\/www.noticiasmas.com.ar\/index.php\/wp-json\/wp\/v2\/users\/3"}],"replies":[{"embeddable":true,"href":"https:\/\/www.noticiasmas.com.ar\/index.php\/wp-json\/wp\/v2\/comments?post=1101"}],"version-history":[{"count":1,"href":"https:\/\/www.noticiasmas.com.ar\/index.php\/wp-json\/wp\/v2\/posts\/1101\/revisions"}],"predecessor-version":[{"id":1103,"href":"https:\/\/www.noticiasmas.com.ar\/index.php\/wp-json\/wp\/v2\/posts\/1101\/revisions\/1103"}],"wp:featuredmedia":[{"embeddable":true,"href":"https:\/\/www.noticiasmas.com.ar\/index.php\/wp-json\/wp\/v2\/media\/1102"}],"wp:attachment":[{"href":"https:\/\/www.noticiasmas.com.ar\/index.php\/wp-json\/wp\/v2\/media?parent=1101"}],"wp:term":[{"taxonomy":"category","embeddable":true,"href":"https:\/\/www.noticiasmas.com.ar\/index.php\/wp-json\/wp\/v2\/categories?post=1101"},{"taxonomy":"post_tag","embeddable":true,"href":"https:\/\/www.noticiasmas.com.ar\/index.php\/wp-json\/wp\/v2\/tags?post=1101"}],"curies":[{"name":"wp","href":"https:\/\/api.w.org\/{rel}","templated":true}]}}