{"id":11062,"date":"2024-11-19T16:48:29","date_gmt":"2024-11-19T19:48:29","guid":{"rendered":"https:\/\/www.noticiasmas.com.ar\/?p=11062"},"modified":"2024-11-19T16:48:33","modified_gmt":"2024-11-19T19:48:33","slug":"la-fiesta-del-deporte-exhibio-todo-el-capital-deportivo-de-puerto-en-un-colmado-megaestadio-4-de-junio","status":"publish","type":"post","link":"https:\/\/www.noticiasmas.com.ar\/index.php\/2024\/11\/19\/la-fiesta-del-deporte-exhibio-todo-el-capital-deportivo-de-puerto-en-un-colmado-megaestadio-4-de-junio\/","title":{"rendered":"La Fiesta del Deporte exhibi\u00f3 todo el capital deportivo de Puerto en un colmado Megaestadio \u201c4 de Junio\u201d"},"content":{"rendered":"\n<p>El resultado de las pol\u00edticas municipales que fortalecen desde hace a\u00f1os la formaci\u00f3n deportiva de j\u00f3venes y adultos en la ciudad, se puso de manifiesto el s\u00e1bado 16 de noviembre en la tradicional Fiesta del Deporte en el Megaestadio \u201c4 de junio\u201d, donde el capital deportivo de todas las edades fue reunido para ser reconocido como un verdadero orgullo para la ciudad, y celebrar juntos tambi\u00e9n el D\u00eda del Deportista. &nbsp;<\/p>\n\n\n\n<p>El evento estuvo acompa\u00f1ado por una gran cantidad de vecinos, familiares, y deportistas, que colmaron las gradas del espl\u00e9ndido megaestadio para no parar de aplaudir y alentar el desfile de atletas que forman parte de todas las disciplinas deportivas locales.<\/p>\n\n\n\n<p>Reconociendo sus esfuerzos, dedicaci\u00f3n, logros, y entrega, pero sobre todo su amor por el deporte, en la fiesta se plasm\u00f3 el esp\u00edritu que persigue la gesti\u00f3n del Intendente Carlos De Grandis, una ciudad que contenga y proteja la ni\u00f1ez y la juventud con m\u00e1s espacios deportivos de calidad y excelencia que potencien sus participaciones en competencias locales, regionales y nacionales, y ayudando todo el a\u00f1o para acompa\u00f1ar su desempe\u00f1o.<\/p>\n\n\n<div class=\"wp-block-image\">\n<figure class=\"aligncenter is-resized\"><img decoding=\"async\" src=\"https:\/\/lalupamedios.com.ar\/download\/multimedia.normal.a32c301a6b1995c0.ZDAwZjAzY2QtODIwZC00YjQyLTg2MTEtMjc4MGU5NWNfbm9ybWFsLndlYnA%3D.webp\" alt=\"d00f03cd-820d-4b42-8611-2780e95cd4dd\" style=\"width:872px;height:auto\"\/><\/figure>\n<\/div>\n\n\n<p>La conducci\u00f3n de Roque Cavallero fue guiando el paso de todas las disciplinas de distintas categor\u00edas de deportes de la ciudad y clubes, como PSM F\u00fatbol, el Club Atl\u00e9tico Puerto Unido, judo de PGSM, B\u00e1squet PSM, gimnasia art\u00edstica y deportiva PSM, Federaci\u00f3n Internacional de Taekwondo, F\u00fatbol Femenino del CGSM, Escuela de Rugby PGSM, Yoga, Pat\u00edn Art\u00edstico, V\u00f3ley del Club Paran\u00e1, Tenis, f\u00fatbol del Club General San Mart\u00edn, Cicloturismo, Escuela Municipal de Nataci\u00f3n, Aqua Gym, el grupo Panther Crew, patinaje art\u00edstico Anny Fly, que recientemente particip\u00f3 del mundial en Rimini, Italia, y tambi\u00e9n estuvieron representantes de gimnasios locales, y los chicos y profesores del Grupo Despertar. Hubo una muestra art\u00edstica de los grupos Panther Crew y Anny Fly que despert\u00f3 la ovaci\u00f3n de todos los presentes.<\/p>\n\n\n\n<p>El evento cont\u00f3 con la participaci\u00f3n del presidente del Concejo Municipal, Juan Manuel De Grandis, los concejales Maximiliano De Grandis, Sonia Grassano y Joana Passoni, los secretarios de Educaci\u00f3n, Cultura y Deportes, el director de Deportes, Gustavo Rojas, y el director del Museo del R\u00edo Paran\u00e1, Jonathan Brest.<\/p>\n\n\n\n<p>\u201cPara mi es un orgullo ver este Megaestadio lleno. El Intendente apuesta al deporte porque ese creemos es el camino para nuestra juventud. Gracias a los profesores, a los atletas, y a las familias que acompa\u00f1an con esfuerzo este desarrollo. Un chico en una cancha es uno menos en la calle. Feliz d\u00eda a todos los deportistas\u201d, expres\u00f3 Juan Manuel De Grandis al dar la bienvenida al evento.<\/p>\n\n\n<div class=\"wp-block-image\">\n<figure class=\"aligncenter is-resized\"><img decoding=\"async\" src=\"https:\/\/lalupamedios.com.ar\/download\/multimedia.normal.8529db6f0b1e0d1d.ZDQ0ZGY5ZDUtOTU2OS00Zjk3LTg2ZjgtYjFhYjc5ODlfbm9ybWFsLndlYnA%3D.webp\" alt=\"d44df9d5-9569-4f97-86f8-b1ab79897314\" style=\"width:869px;height:auto\"\/><\/figure>\n<\/div>\n\n\n<p>Puerto busca educar y formar con el deporte en distintas disciplinas, tanto integrativas como de alta competici\u00f3n, alentando las disciplinas municipales como Hockey, V\u00f3ley, B\u00e1squet, F\u00fatbol, Gimnasia deportiva, Tenis, Canotaje, Gimnasia femenina para adultos, y Pat\u00edn, y acompa\u00f1ando las necesidades de instituciones, asociaciones y clubes que forman parte del coraz\u00f3n deportivo de la ciudad.<\/p>\n","protected":false},"excerpt":{"rendered":"<p>El resultado de las pol\u00edticas municipales que fortalecen desde hace a\u00f1os la formaci\u00f3n deportiva de j\u00f3venes y adultos en la ciudad, se puso de manifiesto el s\u00e1bado 16 de noviembre en la tradicional Fiesta del Deporte en el Megaestadio \u201c4 de junio\u201d, donde el capital deportivo de todas las edades fue reunido para ser reconocido [&hellip;]<\/p>\n","protected":false},"author":3,"featured_media":11063,"comment_status":"closed","ping_status":"open","sticky":false,"template":"","format":"standard","meta":{"tdm_status":"","tdm_grid_status":"","footnotes":""},"categories":[13],"tags":[3424,3465,2266],"class_list":{"0":"post-11062","1":"post","2":"type-post","3":"status-publish","4":"format-standard","5":"has-post-thumbnail","7":"category-region","8":"tag-135o-aniversario","9":"tag-megaestadio","10":"tag-puerto-general-san-martin-2"},"_links":{"self":[{"href":"https:\/\/www.noticiasmas.com.ar\/index.php\/wp-json\/wp\/v2\/posts\/11062","targetHints":{"allow":["GET"]}}],"collection":[{"href":"https:\/\/www.noticiasmas.com.ar\/index.php\/wp-json\/wp\/v2\/posts"}],"about":[{"href":"https:\/\/www.noticiasmas.com.ar\/index.php\/wp-json\/wp\/v2\/types\/post"}],"author":[{"embeddable":true,"href":"https:\/\/www.noticiasmas.com.ar\/index.php\/wp-json\/wp\/v2\/users\/3"}],"replies":[{"embeddable":true,"href":"https:\/\/www.noticiasmas.com.ar\/index.php\/wp-json\/wp\/v2\/comments?post=11062"}],"version-history":[{"count":1,"href":"https:\/\/www.noticiasmas.com.ar\/index.php\/wp-json\/wp\/v2\/posts\/11062\/revisions"}],"predecessor-version":[{"id":11064,"href":"https:\/\/www.noticiasmas.com.ar\/index.php\/wp-json\/wp\/v2\/posts\/11062\/revisions\/11064"}],"wp:featuredmedia":[{"embeddable":true,"href":"https:\/\/www.noticiasmas.com.ar\/index.php\/wp-json\/wp\/v2\/media\/11063"}],"wp:attachment":[{"href":"https:\/\/www.noticiasmas.com.ar\/index.php\/wp-json\/wp\/v2\/media?parent=11062"}],"wp:term":[{"taxonomy":"category","embeddable":true,"href":"https:\/\/www.noticiasmas.com.ar\/index.php\/wp-json\/wp\/v2\/categories?post=11062"},{"taxonomy":"post_tag","embeddable":true,"href":"https:\/\/www.noticiasmas.com.ar\/index.php\/wp-json\/wp\/v2\/tags?post=11062"}],"curies":[{"name":"wp","href":"https:\/\/api.w.org\/{rel}","templated":true}]}}