{"id":11068,"date":"2024-11-19T20:47:55","date_gmt":"2024-11-19T23:47:55","guid":{"rendered":"https:\/\/www.noticiasmas.com.ar\/?p=11068"},"modified":"2024-11-19T20:47:58","modified_gmt":"2024-11-19T23:47:58","slug":"puerto-vivio-a-pleno-la-kermesse-aniversario-con-actuaciones-de-danzas-locales-sol-barbeito-y-el-show-de-lo-lumvrise","status":"publish","type":"post","link":"https:\/\/www.noticiasmas.com.ar\/index.php\/2024\/11\/19\/puerto-vivio-a-pleno-la-kermesse-aniversario-con-actuaciones-de-danzas-locales-sol-barbeito-y-el-show-de-lo-lumvrise\/","title":{"rendered":"Puerto vivi\u00f3 a pleno la kermesse aniversario con actuaciones de danzas locales, Sol Barbeito y el show de Lo Lumvrise"},"content":{"rendered":"\n<p>La familia puertense volvi\u00f3 a reunirse en una de las tradicionales actividades programadas para seguir celebrando el 135 aniversario de Puerto General San Mart\u00edn. La kermesse aniversario convoc\u00f3 ayer por la tarde en la Plaza San Mart\u00edn a disfrutar de una jornada recreativa con feria de artesanos y emprendedores, e instituciones y empresas de la ciudad, que propusieron juegos did\u00e1cticos y de destrezas, sorteos, ofertas gastron\u00f3micas y comerciales.\u00a0<\/p>\n\n\n\n<figure class=\"wp-block-image size-large\"><img loading=\"lazy\" decoding=\"async\" width=\"1024\" height=\"682\" src=\"https:\/\/www.noticiasmas.com.ar\/wp-content\/uploads\/2024\/11\/Kermes-galupa-1024x682.jpg\" alt=\"\" class=\"wp-image-11070\" srcset=\"https:\/\/www.noticiasmas.com.ar\/wp-content\/uploads\/2024\/11\/Kermes-galupa-1024x682.jpg 1024w, https:\/\/www.noticiasmas.com.ar\/wp-content\/uploads\/2024\/11\/Kermes-galupa-300x200.jpg 300w, https:\/\/www.noticiasmas.com.ar\/wp-content\/uploads\/2024\/11\/Kermes-galupa-768x511.jpg 768w, https:\/\/www.noticiasmas.com.ar\/wp-content\/uploads\/2024\/11\/Kermes-galupa-150x100.jpg 150w, https:\/\/www.noticiasmas.com.ar\/wp-content\/uploads\/2024\/11\/Kermes-galupa-696x463.jpg 696w, https:\/\/www.noticiasmas.com.ar\/wp-content\/uploads\/2024\/11\/Kermes-galupa-1068x711.jpg 1068w, https:\/\/www.noticiasmas.com.ar\/wp-content\/uploads\/2024\/11\/Kermes-galupa.jpg 1200w\" sizes=\"auto, (max-width: 1024px) 100vw, 1024px\" \/><\/figure>\n\n\n\n<p>Para vivir una tarde completa de disfrute las familias aplaudieron la presentaci\u00f3n sobre el escenario de las disciplinas de danzas del Centro Cultural, bailaron y cantaron junto a la puertense Sol Barbeito, y disfrutaron a pura carcajada con el cierre de la jornada a puro humor con el show de Lo Lumvrise, el tr\u00edo rosarino que este a\u00f1o est\u00e1 cumpliendo 25 a\u00f1os de carrera. Pelu, Pachi y El Negro garantizaron la diversi\u00f3n absoluta en la kermesse con un humor sano y efectivo para mantener al p\u00fablico totalmente entretenido.<\/p>\n\n\n\n<p>Como cada a\u00f1o, en las calles linderas a la plaza comerciantes, artesanos, instituciones intermedias, asociaciones civiles, establecimientos educativos, instituciones deportivas, exponen sus productos artesanales, sus propuestas l\u00fadicas para convocar al juego, y exquisiteces gastron\u00f3micas que dieron un marco colorido y festivo para seguir celebrando en comunidad el aniversario de la ciudad. Con car\u00e1cter ben\u00e9fico, organizados para recaudar recursos para el sostenimiento de otras instituciones, todos vendieron rifas para participar de los sorteos.<\/p>\n\n\n\n<figure class=\"wp-block-image size-large\"><img loading=\"lazy\" decoding=\"async\" width=\"1024\" height=\"682\" src=\"https:\/\/www.noticiasmas.com.ar\/wp-content\/uploads\/2024\/11\/Kermes-Sol-1024x682.jpg\" alt=\"\" class=\"wp-image-11073\" srcset=\"https:\/\/www.noticiasmas.com.ar\/wp-content\/uploads\/2024\/11\/Kermes-Sol-1024x682.jpg 1024w, https:\/\/www.noticiasmas.com.ar\/wp-content\/uploads\/2024\/11\/Kermes-Sol-300x200.jpg 300w, https:\/\/www.noticiasmas.com.ar\/wp-content\/uploads\/2024\/11\/Kermes-Sol-768x511.jpg 768w, https:\/\/www.noticiasmas.com.ar\/wp-content\/uploads\/2024\/11\/Kermes-Sol-150x100.jpg 150w, https:\/\/www.noticiasmas.com.ar\/wp-content\/uploads\/2024\/11\/Kermes-Sol-696x463.jpg 696w, https:\/\/www.noticiasmas.com.ar\/wp-content\/uploads\/2024\/11\/Kermes-Sol-1068x711.jpg 1068w, https:\/\/www.noticiasmas.com.ar\/wp-content\/uploads\/2024\/11\/Kermes-Sol.jpg 1200w\" sizes=\"auto, (max-width: 1024px) 100vw, 1024px\" \/><\/figure>\n\n\n\n<p>Mientras grandes y chicos, de todas las generaciones que valoran \u00e9sta tradici\u00f3n, disfrutaba de los stands instalados sobre la avenida San Mart\u00edn, y las calles Guillermo Kirk, 25 de Mayo y Mendoza, sobre el escenario fueron mostrando su calidad art\u00edstica con coreograf\u00edas todas las disciplinas de danzas del Centro Cultura Municipal, como danzas caribe\u00f1as, \u00e1rabes, folklore, y la academia de cumbia, entre otras. Adem\u00e1s, durante toda la tarde la gente ri\u00f3 y festej\u00f3 las ocurrencias del Payaso Galupa. Los chicos pudieron disfrutar de la hist\u00f3rica calesita que se puso en funcionamiento especialmente para este evento, en una plaza con juegos nuevos y mobiliario urbano totalmente renovada.&nbsp;<\/p>\n\n\n\n<figure class=\"wp-block-image size-large\"><img loading=\"lazy\" decoding=\"async\" width=\"1024\" height=\"683\" src=\"https:\/\/www.noticiasmas.com.ar\/wp-content\/uploads\/2024\/11\/Kermes-carlitos-1024x683.jpg\" alt=\"\" class=\"wp-image-11069\" srcset=\"https:\/\/www.noticiasmas.com.ar\/wp-content\/uploads\/2024\/11\/Kermes-carlitos-1024x683.jpg 1024w, https:\/\/www.noticiasmas.com.ar\/wp-content\/uploads\/2024\/11\/Kermes-carlitos-300x200.jpg 300w, https:\/\/www.noticiasmas.com.ar\/wp-content\/uploads\/2024\/11\/Kermes-carlitos-768x512.jpg 768w, https:\/\/www.noticiasmas.com.ar\/wp-content\/uploads\/2024\/11\/Kermes-carlitos-150x100.jpg 150w, https:\/\/www.noticiasmas.com.ar\/wp-content\/uploads\/2024\/11\/Kermes-carlitos-696x464.jpg 696w, https:\/\/www.noticiasmas.com.ar\/wp-content\/uploads\/2024\/11\/Kermes-carlitos-1068x712.jpg 1068w, https:\/\/www.noticiasmas.com.ar\/wp-content\/uploads\/2024\/11\/Kermes-carlitos.jpg 1200w\" sizes=\"auto, (max-width: 1024px) 100vw, 1024px\" \/><\/figure>\n\n\n\n<p>Estuvieron presentes instituciones que propusieron juegos tem\u00e1ticos o propuestas como el Club San Mart\u00edn con los penales, el Grupo Despertar con penales a ciegas, la Escuela Especial 2074 con emboque tradicional, el Jard\u00edn Maternal con el emboque \u201cDale de comer al mono\u201d, los CDI con el tumba latas, la Escuela 221 con el juego de la pesca, el CAEBA con punter\u00eda y destreza, y aro en botella, el grupo de Gimnasia Deportiva con emboque, el Beppo Levi con el juego del reciclado, V\u00f3ley PSM con el pase de arriba, el grupo Scout con h\u00e9roes en remojo,&nbsp; Canotaje Municipal con un flipper, el grupo de Adultos Mayores con el juego del candado, el Museo del R\u00edo Paran\u00e1 con tem\u00e1ticas de la Batalla de Punta Quebracho, Arte Combinado con la ruleta, la Biblioteca Juan b. Alberdi con ruleta, Galer\u00eda Afluente expuso muestra de grabados, dibujos e ilustraciones, PSM F\u00fatbol con juego de ingenio, y el stand de la Secretar\u00eda de Salud donde tomaron la presi\u00f3n arterial.<\/p>\n\n\n\n<figure class=\"wp-block-image size-large\"><img loading=\"lazy\" decoding=\"async\" width=\"1024\" height=\"683\" src=\"https:\/\/www.noticiasmas.com.ar\/wp-content\/uploads\/2024\/11\/Kermes-stand-ganador-1024x683.jpg\" alt=\"\" class=\"wp-image-11071\" srcset=\"https:\/\/www.noticiasmas.com.ar\/wp-content\/uploads\/2024\/11\/Kermes-stand-ganador-1024x683.jpg 1024w, https:\/\/www.noticiasmas.com.ar\/wp-content\/uploads\/2024\/11\/Kermes-stand-ganador-300x200.jpg 300w, https:\/\/www.noticiasmas.com.ar\/wp-content\/uploads\/2024\/11\/Kermes-stand-ganador-768x512.jpg 768w, https:\/\/www.noticiasmas.com.ar\/wp-content\/uploads\/2024\/11\/Kermes-stand-ganador-150x100.jpg 150w, https:\/\/www.noticiasmas.com.ar\/wp-content\/uploads\/2024\/11\/Kermes-stand-ganador-696x464.jpg 696w, https:\/\/www.noticiasmas.com.ar\/wp-content\/uploads\/2024\/11\/Kermes-stand-ganador-1068x712.jpg 1068w, https:\/\/www.noticiasmas.com.ar\/wp-content\/uploads\/2024\/11\/Kermes-stand-ganador.jpg 1200w\" sizes=\"auto, (max-width: 1024px) 100vw, 1024px\" \/><\/figure>\n\n\n\n<p>El Intendente Municipal, Carlos De Grandis, recorri\u00f3 la kermesse junto al presidente del Concejo Municipal, Juan Manuel De Grandis, los concejales Sonia Grassano, Maximiliano De Grandis, y Joana Passoni, y los secretarios de Educaci\u00f3n, Sebasti\u00e1n Lezcano, de Gobierno, Vanina Matassa, de Desarrollo Social, Fernando Torrens.<\/p>\n\n\n\n<p>Como cada a\u00f1o, participaron de los juegos, sum\u00e1ndose a los desaf\u00edos de las propuestas, y sortearon una pava el\u00e9ctrica, tablets, y una bicicleta, y dieron premios al mejor stand para la Escuela Municipal de Canotaje, y segundo lugar para el Beppo Levi.&nbsp;<\/p>\n\n\n\n<figure class=\"wp-block-image size-large\"><img loading=\"lazy\" decoding=\"async\" width=\"1024\" height=\"683\" src=\"https:\/\/www.noticiasmas.com.ar\/wp-content\/uploads\/2024\/11\/Kermes-gente-1024x683.jpg\" alt=\"\" class=\"wp-image-11072\" srcset=\"https:\/\/www.noticiasmas.com.ar\/wp-content\/uploads\/2024\/11\/Kermes-gente-1024x683.jpg 1024w, https:\/\/www.noticiasmas.com.ar\/wp-content\/uploads\/2024\/11\/Kermes-gente-300x200.jpg 300w, https:\/\/www.noticiasmas.com.ar\/wp-content\/uploads\/2024\/11\/Kermes-gente-768x512.jpg 768w, https:\/\/www.noticiasmas.com.ar\/wp-content\/uploads\/2024\/11\/Kermes-gente-150x100.jpg 150w, https:\/\/www.noticiasmas.com.ar\/wp-content\/uploads\/2024\/11\/Kermes-gente-696x464.jpg 696w, https:\/\/www.noticiasmas.com.ar\/wp-content\/uploads\/2024\/11\/Kermes-gente-1068x712.jpg 1068w, https:\/\/www.noticiasmas.com.ar\/wp-content\/uploads\/2024\/11\/Kermes-gente.jpg 1200w\" sizes=\"auto, (max-width: 1024px) 100vw, 1024px\" \/><\/figure>\n\n\n\n<p>&nbsp;\u201cEs impresionante la gente que ha venido a acompa\u00f1ar esta kermesse. Cuando me propuse hacerla, encontr\u00e9 un pueblo dividido por la pol\u00edtica. La kermesse termin\u00f3 con eso, cuando \u00e9ramos chicos cerca de la cancha del General San Mart\u00edn, donde nos divert\u00edamos en familia. Me parece muy bien que hoy estemos las familias de la ciudad y la regi\u00f3n nuevamente reunidas. Que las instituciones, las escuelas, y feriantes puedan recaudar fondos por su trabajo hecho de coraz\u00f3n. Estoy muy feliz por eso. Agradezco a todo el equipo detr\u00e1s de Sebasti\u00e1n Lezcano. Cumplimos 135 a\u00f1os y ojal\u00e1 lo tomen como el cumplea\u00f1os del ser m\u00e1s querido de su familia\u201d, expres\u00f3 el Intendente De Grandis desde el escenario y agradeci\u00f3 la enorme participaci\u00f3n solidaria de todas las instituciones.<\/p>\n","protected":false},"excerpt":{"rendered":"<p>La familia puertense volvi\u00f3 a reunirse en una de las tradicionales actividades programadas para seguir celebrando el 135 aniversario de Puerto General San Mart\u00edn. La kermesse aniversario convoc\u00f3 ayer por la tarde en la Plaza San Mart\u00edn a disfrutar de una jornada recreativa con feria de artesanos y emprendedores, e instituciones y empresas de la [&hellip;]<\/p>\n","protected":false},"author":5,"featured_media":11074,"comment_status":"closed","ping_status":"open","sticky":false,"template":"","format":"standard","meta":{"tdm_status":"","tdm_grid_status":"","footnotes":""},"categories":[13],"tags":[3424,3467,1654],"class_list":{"0":"post-11068","1":"post","2":"type-post","3":"status-publish","4":"format-standard","5":"has-post-thumbnail","7":"category-region","8":"tag-135o-aniversario","9":"tag-kermesse","10":"tag-puerto-gral-san-martin"},"_links":{"self":[{"href":"https:\/\/www.noticiasmas.com.ar\/index.php\/wp-json\/wp\/v2\/posts\/11068","targetHints":{"allow":["GET"]}}],"collection":[{"href":"https:\/\/www.noticiasmas.com.ar\/index.php\/wp-json\/wp\/v2\/posts"}],"about":[{"href":"https:\/\/www.noticiasmas.com.ar\/index.php\/wp-json\/wp\/v2\/types\/post"}],"author":[{"embeddable":true,"href":"https:\/\/www.noticiasmas.com.ar\/index.php\/wp-json\/wp\/v2\/users\/5"}],"replies":[{"embeddable":true,"href":"https:\/\/www.noticiasmas.com.ar\/index.php\/wp-json\/wp\/v2\/comments?post=11068"}],"version-history":[{"count":1,"href":"https:\/\/www.noticiasmas.com.ar\/index.php\/wp-json\/wp\/v2\/posts\/11068\/revisions"}],"predecessor-version":[{"id":11075,"href":"https:\/\/www.noticiasmas.com.ar\/index.php\/wp-json\/wp\/v2\/posts\/11068\/revisions\/11075"}],"wp:featuredmedia":[{"embeddable":true,"href":"https:\/\/www.noticiasmas.com.ar\/index.php\/wp-json\/wp\/v2\/media\/11074"}],"wp:attachment":[{"href":"https:\/\/www.noticiasmas.com.ar\/index.php\/wp-json\/wp\/v2\/media?parent=11068"}],"wp:term":[{"taxonomy":"category","embeddable":true,"href":"https:\/\/www.noticiasmas.com.ar\/index.php\/wp-json\/wp\/v2\/categories?post=11068"},{"taxonomy":"post_tag","embeddable":true,"href":"https:\/\/www.noticiasmas.com.ar\/index.php\/wp-json\/wp\/v2\/tags?post=11068"}],"curies":[{"name":"wp","href":"https:\/\/api.w.org\/{rel}","templated":true}]}}