{"id":11122,"date":"2024-11-21T16:38:06","date_gmt":"2024-11-21T19:38:06","guid":{"rendered":"https:\/\/www.noticiasmas.com.ar\/?p=11122"},"modified":"2024-11-21T16:38:08","modified_gmt":"2024-11-21T19:38:08","slug":"decretaron-los-feriados-de-2025-y-los-puente-seran-optativos","status":"publish","type":"post","link":"https:\/\/www.noticiasmas.com.ar\/index.php\/2024\/11\/21\/decretaron-los-feriados-de-2025-y-los-puente-seran-optativos\/","title":{"rendered":"Decretaron los feriados de 2025 y los puente ser\u00e1n optativos"},"content":{"rendered":"\n<p>El Gobierno Nacional oficializ\u00f3 el decreto que establece los feriados nacionales para el a\u00f1o 2025, seg\u00fan lo publicado este jueves en el Bolet\u00edn Oficial.<\/p>\n\n\n\n<p>Como novedad, el gobierno estableci\u00f3 que los feriados puentes pasar\u00e1n a ser d\u00edas no laborables, dando as\u00ed la posibilidad de que sea el empleador quien decida si se trabaja normalmente o no.<\/p>\n\n\n\n<p>Estos son el viernes 2 de mayo, d\u00eda no laborable por ser puente del jueves primero de mayo, que se festeja el D\u00eda del Trabajador, el viernes 15 de agosto, ya que el domingo 17 ser\u00e1 el Paso a la Inmortalidad del General Don Jos\u00e9 de San Mart\u00edn y el puente del viernes 21 de noviembre, que conformar\u00eda un fin de semana largo por el d\u00eda de la Soberan\u00eda Nacional del jueves 20.<\/p>\n\n\n\n<p>De este modo, quedaron como feriados oficiales el <strong>mi\u00e9rcoles 1 de enero<\/strong> por <strong>A\u00f1o Nuevo,<\/strong> los <strong>lunes 3 y martes 4 <\/strong>de marzo de <strong>Carnaval<\/strong> (fin de semana largo de cuatro d\u00edas), el <strong>lunes 24 de marzo<\/strong> por el <strong>D\u00eda Nacional de la Memoria por la Verdad y la Justicia<\/strong>, el <strong>mi\u00e9rcoles 2 de abril por el D\u00eda del Veterano y Ca\u00eddos en la Guerra de Malvinas,<\/strong> el <strong>viernes 18 de abril por el Viernes Santo,<\/strong> el<strong> jueves 1 de mayo por el D\u00eda del Trabajador<\/strong>, el <strong>domingo 25 de mayo por el D\u00eda de la Revoluci\u00f3n<\/strong>, y cierra el semestre el <strong>viernes 20 de junio por el Paso a la Inmortalidad del General Manuel Belgrano.<\/strong><\/p>\n\n\n\n<p>En Julio est\u00e1 el <strong>mi\u00e9rcoles 9<\/strong>, el <strong>D\u00eda de la Independencia<\/strong>, el <strong>domingo 17 de agosto por el Paso a la Inmortalidad del General Jos\u00e9 de San Mart\u00edn<\/strong>, el <strong>domingo 12 de octubre por el D\u00eda del Respeto a la Diversidad Cultural<\/strong>, el <strong>jueves 20 de noviembre por el D\u00eda de la Soberan\u00eda Nacional<\/strong>, el <strong>lunes 8 de diciembre por el d\u00eda de la Inmaculada Concepci\u00f3n de Mar\u00eda<\/strong> y el <strong>jueves 25 de diciembre de Navidad.<\/strong><\/p>\n\n\n\n<p>En concreto, quedar\u00e1 un fin de semana de cuatro d\u00edas obligatorio en Carnaval y tres opcionales, mientras que ser\u00e1n cuatro los fines de semana largo de tres d\u00edas. <\/p>\n","protected":false},"excerpt":{"rendered":"<p>El Gobierno Nacional oficializ\u00f3 el decreto que establece los feriados nacionales para el a\u00f1o 2025, seg\u00fan lo publicado este jueves en el Bolet\u00edn Oficial. Como novedad, el gobierno estableci\u00f3 que los feriados puentes pasar\u00e1n a ser d\u00edas no laborables, dando as\u00ed la posibilidad de que sea el empleador quien decida si se trabaja normalmente o [&hellip;]<\/p>\n","protected":false},"author":9,"featured_media":11123,"comment_status":"closed","ping_status":"open","sticky":false,"template":"","format":"standard","meta":{"tdm_status":"","tdm_grid_status":"","footnotes":""},"categories":[1],"tags":[3477,324,3476,795],"class_list":{"0":"post-11122","1":"post","2":"type-post","3":"status-publish","4":"format-standard","5":"has-post-thumbnail","7":"category-nacionales","8":"tag-3477","9":"tag-argentina","10":"tag-feriado-puente","11":"tag-feriados"},"_links":{"self":[{"href":"https:\/\/www.noticiasmas.com.ar\/index.php\/wp-json\/wp\/v2\/posts\/11122","targetHints":{"allow":["GET"]}}],"collection":[{"href":"https:\/\/www.noticiasmas.com.ar\/index.php\/wp-json\/wp\/v2\/posts"}],"about":[{"href":"https:\/\/www.noticiasmas.com.ar\/index.php\/wp-json\/wp\/v2\/types\/post"}],"author":[{"embeddable":true,"href":"https:\/\/www.noticiasmas.com.ar\/index.php\/wp-json\/wp\/v2\/users\/9"}],"replies":[{"embeddable":true,"href":"https:\/\/www.noticiasmas.com.ar\/index.php\/wp-json\/wp\/v2\/comments?post=11122"}],"version-history":[{"count":1,"href":"https:\/\/www.noticiasmas.com.ar\/index.php\/wp-json\/wp\/v2\/posts\/11122\/revisions"}],"predecessor-version":[{"id":11124,"href":"https:\/\/www.noticiasmas.com.ar\/index.php\/wp-json\/wp\/v2\/posts\/11122\/revisions\/11124"}],"wp:featuredmedia":[{"embeddable":true,"href":"https:\/\/www.noticiasmas.com.ar\/index.php\/wp-json\/wp\/v2\/media\/11123"}],"wp:attachment":[{"href":"https:\/\/www.noticiasmas.com.ar\/index.php\/wp-json\/wp\/v2\/media?parent=11122"}],"wp:term":[{"taxonomy":"category","embeddable":true,"href":"https:\/\/www.noticiasmas.com.ar\/index.php\/wp-json\/wp\/v2\/categories?post=11122"},{"taxonomy":"post_tag","embeddable":true,"href":"https:\/\/www.noticiasmas.com.ar\/index.php\/wp-json\/wp\/v2\/tags?post=11122"}],"curies":[{"name":"wp","href":"https:\/\/api.w.org\/{rel}","templated":true}]}}