{"id":11254,"date":"2024-11-28T21:19:03","date_gmt":"2024-11-29T00:19:03","guid":{"rendered":"https:\/\/www.noticiasmas.com.ar\/?p=11254"},"modified":"2024-11-28T21:20:30","modified_gmt":"2024-11-29T00:20:30","slug":"de-grandis-presento-millonaria-inversion-para-aumentar-el-parque-automotor-municipal-y-anuncio-la-fiesta-del-municipal","status":"publish","type":"post","link":"https:\/\/www.noticiasmas.com.ar\/index.php\/2024\/11\/28\/de-grandis-presento-millonaria-inversion-para-aumentar-el-parque-automotor-municipal-y-anuncio-la-fiesta-del-municipal\/","title":{"rendered":"De Grandis present\u00f3 millonaria inversi\u00f3n para aumentar el parque automotor municipal y anunci\u00f3 la Fiesta del Municipal"},"content":{"rendered":"\n<p>En el marco de las actividades por el 135 aniversario de la ciudad, el intendente Carlos De Grandis present\u00f3 oficialmente las nuevas unidades que se sumar\u00e1n al parque automotor municipal con el objetivo potenciar los servicios municipales frente a las demandas del crecimiento de la ciudad.<\/p>\n\n\n\n<p>Se trata de una inversi\u00f3n municipal de 218 millones de pesos realizada en abril de este a\u00f1o (hoy los costos son m\u00e1s altos). En efecto, el municipio adquiri\u00f3 equipos y accesorios para desmalezamiento, dos motosierras, una fresadora, una barredora recolectora, una compactadora (por 94 millones), un mini tractor John Deere de giro cero (19 millones), y cinco veh\u00edculos Pick Up Fiat modelo Strada de cuatro puertas por 105 millones de pesos. (las cinco unidades que quedan en desuso se pondr\u00e1n a la venta).<\/p>\n\n\n\n<figure class=\"wp-block-image size-large\"><img loading=\"lazy\" decoding=\"async\" width=\"1024\" height=\"682\" src=\"https:\/\/www.noticiasmas.com.ar\/wp-content\/uploads\/2024\/11\/Parque-automotor-General-1024x682.jpg\" alt=\"\" class=\"wp-image-11255\" srcset=\"https:\/\/www.noticiasmas.com.ar\/wp-content\/uploads\/2024\/11\/Parque-automotor-General-1024x682.jpg 1024w, https:\/\/www.noticiasmas.com.ar\/wp-content\/uploads\/2024\/11\/Parque-automotor-General-300x200.jpg 300w, https:\/\/www.noticiasmas.com.ar\/wp-content\/uploads\/2024\/11\/Parque-automotor-General-768x511.jpg 768w, https:\/\/www.noticiasmas.com.ar\/wp-content\/uploads\/2024\/11\/Parque-automotor-General-150x100.jpg 150w, https:\/\/www.noticiasmas.com.ar\/wp-content\/uploads\/2024\/11\/Parque-automotor-General-696x463.jpg 696w, https:\/\/www.noticiasmas.com.ar\/wp-content\/uploads\/2024\/11\/Parque-automotor-General-1068x711.jpg 1068w, https:\/\/www.noticiasmas.com.ar\/wp-content\/uploads\/2024\/11\/Parque-automotor-General.jpg 1200w\" sizes=\"auto, (max-width: 1024px) 100vw, 1024px\" \/><\/figure>\n\n\n\n<p>En el marco de una presentaci\u00f3n realizada en el hall de CCM donde fueron exhibidas las flamantes unidades y equipamiento, estuvieron presentes el presidente del Concejo Municipal, Juan Manuel De Grandis, la concejal Joana Passoni, los secretarios de Gobierno, Vanina Matassa, de Desarrollo Social, Fernando Torrens, de Educaci\u00f3n y Cultura, Sebasti\u00e1n Lezcano, la coordinadora de Salud, Ana Andrada, el director del Catalina Salom\u00f3n, Walter Garc\u00eda, de Deportes, Gustavo Rojas y del Museo del R\u00edo Paran\u00e1, Jonathan Brest, y responsables de las \u00e1reas municipales, y empleados municipales.<\/p>\n\n\n\n<p>Las autoridades presentes hicieron formalmente entrega de las llaves en mano a los responsables de las \u00e1reas donde estar\u00e1n destinados cada una de las herramientas adquiridas. Las \u00e1reas beneficiadas con las nuevas pick up son la Secretar\u00eda de Gobierno, para prevenci\u00f3n, la oficina de compras, dos unidades para Inspecci\u00f3n General, y una para Cultura.<\/p>\n\n\n\n<figure class=\"wp-block-image size-large\"><img loading=\"lazy\" decoding=\"async\" width=\"1024\" height=\"682\" src=\"https:\/\/www.noticiasmas.com.ar\/wp-content\/uploads\/2024\/11\/Parque-automotor-Autoridades-1024x682.jpg\" alt=\"\" class=\"wp-image-11256\" srcset=\"https:\/\/www.noticiasmas.com.ar\/wp-content\/uploads\/2024\/11\/Parque-automotor-Autoridades-1024x682.jpg 1024w, https:\/\/www.noticiasmas.com.ar\/wp-content\/uploads\/2024\/11\/Parque-automotor-Autoridades-300x200.jpg 300w, https:\/\/www.noticiasmas.com.ar\/wp-content\/uploads\/2024\/11\/Parque-automotor-Autoridades-768x511.jpg 768w, https:\/\/www.noticiasmas.com.ar\/wp-content\/uploads\/2024\/11\/Parque-automotor-Autoridades-150x100.jpg 150w, https:\/\/www.noticiasmas.com.ar\/wp-content\/uploads\/2024\/11\/Parque-automotor-Autoridades-696x463.jpg 696w, https:\/\/www.noticiasmas.com.ar\/wp-content\/uploads\/2024\/11\/Parque-automotor-Autoridades-1068x711.jpg 1068w, https:\/\/www.noticiasmas.com.ar\/wp-content\/uploads\/2024\/11\/Parque-automotor-Autoridades.jpg 1200w\" sizes=\"auto, (max-width: 1024px) 100vw, 1024px\" \/><\/figure>\n\n\n\n<p>El intendente De Grandis resalt\u00f3 que est\u00e1 inversi\u00f3n \u201ctraer\u00e1 un ahorro importante al municipio\u201d, y pidi\u00f3 que cuiden las nuevas adquisiciones. \u201cLa fresadora va a ser usada en los caminos del \u00e1rea industrial, donde se come uno o dos cent\u00edmetros y arriba va la capa de asfalto. Siempre le sacamos menos de lo que ponemos para que se vaya levantando la capa y as\u00ed hemos consolidado el tr\u00e1nsito pesado. Lo vamos a poder hacer nosotros con nuestros trabajadores\u201d, explic\u00f3. &nbsp;<\/p>\n\n\n\n<p>En tanto, De Grandis agradeci\u00f3 a los trabajadores municipales por el esfuerzo que hacen d\u00eda a d\u00eda, y manifest\u00f3 que \u201cnuestro desaf\u00edo es seguir incrementando el parque automotor, que nuestros trabajadores puedan tener mejores herramientas de trabajo\u201d. \u201cNosotros nos debemos al vecino, somos funcionarios p\u00fablicos, debemos tratarlos con respeto y amabilidad para resolver sus problem\u00e1ticas\u201d, dijo.<\/p>\n\n\n\n<figure class=\"wp-block-image size-large\"><img loading=\"lazy\" decoding=\"async\" width=\"1024\" height=\"682\" src=\"https:\/\/www.noticiasmas.com.ar\/wp-content\/uploads\/2024\/11\/Parque-automotor-Bobkat-1024x682.jpg\" alt=\"\" class=\"wp-image-11257\" srcset=\"https:\/\/www.noticiasmas.com.ar\/wp-content\/uploads\/2024\/11\/Parque-automotor-Bobkat-1024x682.jpg 1024w, https:\/\/www.noticiasmas.com.ar\/wp-content\/uploads\/2024\/11\/Parque-automotor-Bobkat-300x200.jpg 300w, https:\/\/www.noticiasmas.com.ar\/wp-content\/uploads\/2024\/11\/Parque-automotor-Bobkat-768x511.jpg 768w, https:\/\/www.noticiasmas.com.ar\/wp-content\/uploads\/2024\/11\/Parque-automotor-Bobkat-150x100.jpg 150w, https:\/\/www.noticiasmas.com.ar\/wp-content\/uploads\/2024\/11\/Parque-automotor-Bobkat-696x463.jpg 696w, https:\/\/www.noticiasmas.com.ar\/wp-content\/uploads\/2024\/11\/Parque-automotor-Bobkat-1068x711.jpg 1068w, https:\/\/www.noticiasmas.com.ar\/wp-content\/uploads\/2024\/11\/Parque-automotor-Bobkat.jpg 1200w\" sizes=\"auto, (max-width: 1024px) 100vw, 1024px\" \/><\/figure>\n\n\n\n<p>Por su parte, anunci\u00f3 que el 14 de diciembre se realizar\u00e1 la fiesta del trabajador municipal. \u201cVamos a repartir cerca de 200 millones de pesos para todos los que brinden servicio a la Municipalidad\u201d.&nbsp;<\/p>\n","protected":false},"excerpt":{"rendered":"<p>En el marco de las actividades por el 135 aniversario de la ciudad, el intendente Carlos De Grandis present\u00f3 oficialmente las nuevas unidades que se sumar\u00e1n al parque automotor municipal con el objetivo potenciar los servicios municipales frente a las demandas del crecimiento de la ciudad. Se trata de una inversi\u00f3n municipal de 218 millones [&hellip;]<\/p>\n","protected":false},"author":5,"featured_media":11258,"comment_status":"closed","ping_status":"open","sticky":false,"template":"","format":"standard","meta":{"tdm_status":"","tdm_grid_status":"","footnotes":""},"categories":[13],"tags":[3239,266,1051,1654],"class_list":{"0":"post-11254","1":"post","2":"type-post","3":"status-publish","4":"format-standard","5":"has-post-thumbnail","7":"category-region","8":"tag-herramientas","9":"tag-inversion","10":"tag-parque-automotor","11":"tag-puerto-gral-san-martin"},"_links":{"self":[{"href":"https:\/\/www.noticiasmas.com.ar\/index.php\/wp-json\/wp\/v2\/posts\/11254","targetHints":{"allow":["GET"]}}],"collection":[{"href":"https:\/\/www.noticiasmas.com.ar\/index.php\/wp-json\/wp\/v2\/posts"}],"about":[{"href":"https:\/\/www.noticiasmas.com.ar\/index.php\/wp-json\/wp\/v2\/types\/post"}],"author":[{"embeddable":true,"href":"https:\/\/www.noticiasmas.com.ar\/index.php\/wp-json\/wp\/v2\/users\/5"}],"replies":[{"embeddable":true,"href":"https:\/\/www.noticiasmas.com.ar\/index.php\/wp-json\/wp\/v2\/comments?post=11254"}],"version-history":[{"count":2,"href":"https:\/\/www.noticiasmas.com.ar\/index.php\/wp-json\/wp\/v2\/posts\/11254\/revisions"}],"predecessor-version":[{"id":11260,"href":"https:\/\/www.noticiasmas.com.ar\/index.php\/wp-json\/wp\/v2\/posts\/11254\/revisions\/11260"}],"wp:featuredmedia":[{"embeddable":true,"href":"https:\/\/www.noticiasmas.com.ar\/index.php\/wp-json\/wp\/v2\/media\/11258"}],"wp:attachment":[{"href":"https:\/\/www.noticiasmas.com.ar\/index.php\/wp-json\/wp\/v2\/media?parent=11254"}],"wp:term":[{"taxonomy":"category","embeddable":true,"href":"https:\/\/www.noticiasmas.com.ar\/index.php\/wp-json\/wp\/v2\/categories?post=11254"},{"taxonomy":"post_tag","embeddable":true,"href":"https:\/\/www.noticiasmas.com.ar\/index.php\/wp-json\/wp\/v2\/tags?post=11254"}],"curies":[{"name":"wp","href":"https:\/\/api.w.org\/{rel}","templated":true}]}}