{"id":11276,"date":"2024-11-29T07:23:56","date_gmt":"2024-11-29T10:23:56","guid":{"rendered":"https:\/\/www.noticiasmas.com.ar\/?p=11276"},"modified":"2024-11-29T07:23:59","modified_gmt":"2024-11-29T10:23:59","slug":"franco-colapinto-homenajea-a-los-campeones-del-mundo-y-se-prepara-para-el-gran-premio-de-qatar","status":"publish","type":"post","link":"https:\/\/www.noticiasmas.com.ar\/index.php\/2024\/11\/29\/franco-colapinto-homenajea-a-los-campeones-del-mundo-y-se-prepara-para-el-gran-premio-de-qatar\/","title":{"rendered":"Franco Colapinto homenajea a los campeones del mundo y se prepara para el Gran Premio de Qatar"},"content":{"rendered":"\n<p>El piloto argentino Franco Colapinto prepar\u00f3 un dise\u00f1o especial en homenaje a la Selecci\u00f3n de f\u00fatbol campeona en el Mundial de Qatar 2022 para correr este fin de semana en el Gran Premio del pa\u00eds asi\u00e1tico.<\/p>\n\n\n\n<p>La actividad comenzar\u00e1 este viernes con la primera pr\u00e1ctica libre y la clasificaci\u00f3n para la carrera sprint de ma\u00f1ana s\u00e1bado, la tercera para el argentino en su estad\u00eda por la F\u00f3rmula 1. Esta clasificaci\u00f3n ser\u00e1 a las 14:30, en tanto que la sprint se largar\u00e1 a las 11 del 30 de noviembre.<\/p>\n\n\n\n<figure class=\"wp-block-image size-large\"><img loading=\"lazy\" decoding=\"async\" width=\"1024\" height=\"818\" src=\"https:\/\/www.noticiasmas.com.ar\/wp-content\/uploads\/2024\/11\/colapintof1-1024x818.jpeg\" alt=\"\" class=\"wp-image-11277\" srcset=\"https:\/\/www.noticiasmas.com.ar\/wp-content\/uploads\/2024\/11\/colapintof1-1024x818.jpeg 1024w, https:\/\/www.noticiasmas.com.ar\/wp-content\/uploads\/2024\/11\/colapintof1-300x240.jpeg 300w, https:\/\/www.noticiasmas.com.ar\/wp-content\/uploads\/2024\/11\/colapintof1-768x614.jpeg 768w, https:\/\/www.noticiasmas.com.ar\/wp-content\/uploads\/2024\/11\/colapintof1-150x120.jpeg 150w, https:\/\/www.noticiasmas.com.ar\/wp-content\/uploads\/2024\/11\/colapintof1-696x556.jpeg 696w, https:\/\/www.noticiasmas.com.ar\/wp-content\/uploads\/2024\/11\/colapintof1-1068x853.jpeg 1068w, https:\/\/www.noticiasmas.com.ar\/wp-content\/uploads\/2024\/11\/colapintof1.jpeg 1170w\" sizes=\"auto, (max-width: 1024px) 100vw, 1024px\" \/><\/figure>\n\n\n\n<p>Colapinto espera definiciones sobre su futuro en la m\u00e1xima categor\u00eda, con los rumores crecientes sobre su posible v\u00ednculo con la estructura del equipo Red Bull, donde podr\u00eda ser compa\u00f1ero del \u00faltimo campe\u00f3n Max Verstappen o bien pasar como segundo piloto del RB Racing, equipo sat\u00e9lite de la escuder\u00eda del energizante.<\/p>\n\n\n\n<p>El Gran Premio de Qatar, a disputarse en el circuito internacional de Lusail, una pista ideada en sus comienzos para el Moto GP pero que desde 2021 y hasta 2035 es y ser\u00e1 escenario de la F\u00f3rmula 1, se largar\u00e1 el domingo a las 13 horas.<\/p>\n","protected":false},"excerpt":{"rendered":"<p>El piloto argentino Franco Colapinto prepar\u00f3 un dise\u00f1o especial en homenaje a la Selecci\u00f3n de f\u00fatbol campeona en el Mundial de Qatar 2022 para correr este fin de semana en el Gran Premio del pa\u00eds asi\u00e1tico. La actividad comenzar\u00e1 este viernes con la primera pr\u00e1ctica libre y la clasificaci\u00f3n para la carrera sprint de ma\u00f1ana [&hellip;]<\/p>\n","protected":false},"author":9,"featured_media":11278,"comment_status":"closed","ping_status":"open","sticky":false,"template":"","format":"standard","meta":{"tdm_status":"","tdm_grid_status":"","footnotes":""},"categories":[10],"tags":[1642,2517,3518],"class_list":{"0":"post-11276","1":"post","2":"type-post","3":"status-publish","4":"format-standard","5":"has-post-thumbnail","7":"category-deportes","8":"tag-formula-1","9":"tag-franco-colapinto","10":"tag-qatar"},"_links":{"self":[{"href":"https:\/\/www.noticiasmas.com.ar\/index.php\/wp-json\/wp\/v2\/posts\/11276","targetHints":{"allow":["GET"]}}],"collection":[{"href":"https:\/\/www.noticiasmas.com.ar\/index.php\/wp-json\/wp\/v2\/posts"}],"about":[{"href":"https:\/\/www.noticiasmas.com.ar\/index.php\/wp-json\/wp\/v2\/types\/post"}],"author":[{"embeddable":true,"href":"https:\/\/www.noticiasmas.com.ar\/index.php\/wp-json\/wp\/v2\/users\/9"}],"replies":[{"embeddable":true,"href":"https:\/\/www.noticiasmas.com.ar\/index.php\/wp-json\/wp\/v2\/comments?post=11276"}],"version-history":[{"count":1,"href":"https:\/\/www.noticiasmas.com.ar\/index.php\/wp-json\/wp\/v2\/posts\/11276\/revisions"}],"predecessor-version":[{"id":11279,"href":"https:\/\/www.noticiasmas.com.ar\/index.php\/wp-json\/wp\/v2\/posts\/11276\/revisions\/11279"}],"wp:featuredmedia":[{"embeddable":true,"href":"https:\/\/www.noticiasmas.com.ar\/index.php\/wp-json\/wp\/v2\/media\/11278"}],"wp:attachment":[{"href":"https:\/\/www.noticiasmas.com.ar\/index.php\/wp-json\/wp\/v2\/media?parent=11276"}],"wp:term":[{"taxonomy":"category","embeddable":true,"href":"https:\/\/www.noticiasmas.com.ar\/index.php\/wp-json\/wp\/v2\/categories?post=11276"},{"taxonomy":"post_tag","embeddable":true,"href":"https:\/\/www.noticiasmas.com.ar\/index.php\/wp-json\/wp\/v2\/tags?post=11276"}],"curies":[{"name":"wp","href":"https:\/\/api.w.org\/{rel}","templated":true}]}}