{"id":11280,"date":"2024-11-29T07:34:06","date_gmt":"2024-11-29T10:34:06","guid":{"rendered":"https:\/\/www.noticiasmas.com.ar\/?p=11280"},"modified":"2024-11-29T07:34:09","modified_gmt":"2024-11-29T10:34:09","slug":"vicentin-solicito-un-proceso-preventivo-de-crisis-y-pagar-el-aguinaldo-en-4-cuotas","status":"publish","type":"post","link":"https:\/\/www.noticiasmas.com.ar\/index.php\/2024\/11\/29\/vicentin-solicito-un-proceso-preventivo-de-crisis-y-pagar-el-aguinaldo-en-4-cuotas\/","title":{"rendered":"Vicent\u00edn solicit\u00f3 un Proceso Preventivo de Crisis y pagar el aguinaldo en 4 cuotas"},"content":{"rendered":"\n<p>El Grupo Vicent\u00edn emiti\u00f3 una nota al Ministerio de Trabajo de la provincia de Santa Fe para solicitar la apertura de Proceso Preventivo de Crisis.<\/p>\n\n\n\n<p>Las solicitudes rondan espec\u00edficamente en el pedido de modificaciones salariales, algo que aseguran desde la empresa que dialogar\u00e1n con el Sindicato de Obreros y Empleados Aceiteros para definir los alcances.<\/p>\n\n\n\n<p>Entre las primeras opciones, la empresa detall\u00f3 la posibilidad de abonar el aguinaldo de este mes de diciembre en 4 cuotas.<\/p>\n\n\n\n<p>Tambi\u00e9n, entre los puntos, se encuentran el cese de las gratificaciones anuales y los beneficios a los empleados que otorga la empresa como el pago de vi\u00e1ticos, almuerzos a los empleados y hasta la caja navide\u00f1a.<\/p>\n\n\n\n<p>\u201cCon el fin de reducir el personal en Planta, se optimizar\u00e1n los diagramas de turnos pasando de jornadas de 12 hr de turno rotativo a 8 hr de turno alternativo. Continuando con la optimizaci\u00f3n de recursos, se evaluar\u00e1n los sectores donde sus tareas permitan la realizaci\u00f3n del sistema Home Office, permitiendo reducir gastos de traslado, almuerzo, y dem\u00e1s\u201d, agregaron.<\/p>\n\n\n\n<p>Por \u00faltimo, se espera un diagrama de retiros voluntarios para aquellos interesados en adelantar su jubilaci\u00f3n.<\/p>\n\n\n\n<p>\u201cLa Sociedad ha procurado por todos los medios evitar medidas que afecten a sus dependientes, pero lamentablemente la nueva demora que deviene de la apertura por la Corte Suprema de Justicia de la Provincia de Santa Fe de un recurso de queja contra la sentencia homologatoria dictada por la C\u00e1mara de Apelaciones en lo Civil, Comercial y Laboral de la ciudad de Reconquista,&nbsp;encuentra a la Sociedad con su caja exhausta y sin posibilidad de evitar recurrir al excepcional Procedimiento\u201d, aseguran desde la empresa.<\/p>\n\n\n\n<p>Vicent\u00edn emplea a 1065 personas en todo el Cord\u00f3n Industrial en la actualidad, el grueso de ellas representada por el SOEA y otra parte, vinculada a la zona de Alvear, por el Sindicato del departamento General Obligado.<\/p>\n\n\n\n<p>El sindicato sanlorencino ya expres\u00f3 su preocupaci\u00f3n ante este ajuste que busca aplicar la firma con sede en la ciudad de Avellaneda y no descarta medidas de fuerza al respecto.<\/p>\n","protected":false},"excerpt":{"rendered":"<p>El Grupo Vicent\u00edn emiti\u00f3 una nota al Ministerio de Trabajo de la provincia de Santa Fe para solicitar la apertura de Proceso Preventivo de Crisis. Las solicitudes rondan espec\u00edficamente en el pedido de modificaciones salariales, algo que aseguran desde la empresa que dialogar\u00e1n con el Sindicato de Obreros y Empleados Aceiteros para definir los alcances. [&hellip;]<\/p>\n","protected":false},"author":9,"featured_media":11281,"comment_status":"closed","ping_status":"open","sticky":false,"template":"","format":"standard","meta":{"tdm_status":"","tdm_grid_status":"","footnotes":""},"categories":[13],"tags":[3519,1312,58,821],"class_list":{"0":"post-11280","1":"post","2":"type-post","3":"status-publish","4":"format-standard","5":"has-post-thumbnail","7":"category-region","8":"tag-aceitera","9":"tag-ajuste","10":"tag-san-lorenzo","11":"tag-vicentin"},"_links":{"self":[{"href":"https:\/\/www.noticiasmas.com.ar\/index.php\/wp-json\/wp\/v2\/posts\/11280","targetHints":{"allow":["GET"]}}],"collection":[{"href":"https:\/\/www.noticiasmas.com.ar\/index.php\/wp-json\/wp\/v2\/posts"}],"about":[{"href":"https:\/\/www.noticiasmas.com.ar\/index.php\/wp-json\/wp\/v2\/types\/post"}],"author":[{"embeddable":true,"href":"https:\/\/www.noticiasmas.com.ar\/index.php\/wp-json\/wp\/v2\/users\/9"}],"replies":[{"embeddable":true,"href":"https:\/\/www.noticiasmas.com.ar\/index.php\/wp-json\/wp\/v2\/comments?post=11280"}],"version-history":[{"count":1,"href":"https:\/\/www.noticiasmas.com.ar\/index.php\/wp-json\/wp\/v2\/posts\/11280\/revisions"}],"predecessor-version":[{"id":11282,"href":"https:\/\/www.noticiasmas.com.ar\/index.php\/wp-json\/wp\/v2\/posts\/11280\/revisions\/11282"}],"wp:featuredmedia":[{"embeddable":true,"href":"https:\/\/www.noticiasmas.com.ar\/index.php\/wp-json\/wp\/v2\/media\/11281"}],"wp:attachment":[{"href":"https:\/\/www.noticiasmas.com.ar\/index.php\/wp-json\/wp\/v2\/media?parent=11280"}],"wp:term":[{"taxonomy":"category","embeddable":true,"href":"https:\/\/www.noticiasmas.com.ar\/index.php\/wp-json\/wp\/v2\/categories?post=11280"},{"taxonomy":"post_tag","embeddable":true,"href":"https:\/\/www.noticiasmas.com.ar\/index.php\/wp-json\/wp\/v2\/tags?post=11280"}],"curies":[{"name":"wp","href":"https:\/\/api.w.org\/{rel}","templated":true}]}}