{"id":11307,"date":"2024-12-01T20:08:42","date_gmt":"2024-12-01T23:08:42","guid":{"rendered":"https:\/\/www.noticiasmas.com.ar\/?p=11307"},"modified":"2024-12-01T20:08:44","modified_gmt":"2024-12-01T23:08:44","slug":"capitan-bermudez-colonia-de-verano-para-personas-mayores-2025","status":"publish","type":"post","link":"https:\/\/www.noticiasmas.com.ar\/index.php\/2024\/12\/01\/capitan-bermudez-colonia-de-verano-para-personas-mayores-2025\/","title":{"rendered":"CAPIT\u00c1N BERM\u00daDEZ: COLONIA DE VERANO PARA PERSONAS MAYORES 2025"},"content":{"rendered":"\n<p>Las colonias de verano para personas mayores son\u00a0actividades que buscan promover la integraci\u00f3n y la vida activa de los adultos mayores a trav\u00e9s de la recreaci\u00f3n y las actividades l\u00fadicas.<\/p>\n\n\n\n<p>A trav\u00e9s de un convenio firmado entre el Municipio de Capit\u00e1n Berm\u00fadez y PAMI, gestionado por el \u00c1rea de Tercera Edad, se abre la inscripci\u00f3n para la Colonia de Verano para Personas Mayores Municipal 2025 GRATUITA.<br>La misma se llevar\u00e1 a cabo los mi\u00e9rcoles y viernes en el Camping Municipal de Fray Luis Beltr\u00e1n.<br><\/p>\n\n\n\n<p>Se desarrollar\u00e1n distintas actividades, dictadas y coordinadas por profesionales como: Aquagym, Yoga Integral, Folclore, Inclusi\u00f3n Digital, Newcon, Juegos Recreativos, entre otros.<br><\/p>\n\n\n\n<p>Los esperamos para compartir una jornada divertida, llena de juegos promoviendo espacios de socializaci\u00f3n, encuentro y recreaci\u00f3n.<br><\/p>\n\n\n\n<p>\u00a1Abierta la inscripci\u00f3n!<br>REQUISITOS<br>\u2022 Ser mayor de 60 a\u00f1os<br>\u2022 Ser afiliado a PAMI<\/p>\n\n\n\n<p>INFORMES E INSCRIPCION<br>\u2022 CIC (Centro Integrador Comunitario) ubicado en Laprida y Ayacucho<br>Horario de 8 a 12 hs.<br>Tel\u00e9fono: 4911140<br>\u2022 Casa de la Cultura ubicado en Galer\u00eda el Libertador, Local 12 Av. San Lorenzo 623<br>Horario de 8 a12hs.<br>Tel\u00e9fono:4914752<\/p>\n","protected":false},"excerpt":{"rendered":"<p>Las colonias de verano para personas mayores son\u00a0actividades que buscan promover la integraci\u00f3n y la vida activa de los adultos mayores a trav\u00e9s de la recreaci\u00f3n y las actividades l\u00fadicas. A trav\u00e9s de un convenio firmado entre el Municipio de Capit\u00e1n Berm\u00fadez y PAMI, gestionado por el \u00c1rea de Tercera Edad, se abre la inscripci\u00f3n [&hellip;]<\/p>\n","protected":false},"author":5,"featured_media":11308,"comment_status":"closed","ping_status":"open","sticky":false,"template":"","format":"standard","meta":{"tdm_status":"","tdm_grid_status":"","footnotes":""},"categories":[13],"tags":[3527,1127,247,894],"class_list":{"0":"post-11307","1":"post","2":"type-post","3":"status-publish","4":"format-standard","5":"has-post-thumbnail","7":"category-region","8":"tag-abierta-inscripcion","9":"tag-adultos-mayores","10":"tag-capitan-bermudez","11":"tag-colonia-de-verano"},"_links":{"self":[{"href":"https:\/\/www.noticiasmas.com.ar\/index.php\/wp-json\/wp\/v2\/posts\/11307","targetHints":{"allow":["GET"]}}],"collection":[{"href":"https:\/\/www.noticiasmas.com.ar\/index.php\/wp-json\/wp\/v2\/posts"}],"about":[{"href":"https:\/\/www.noticiasmas.com.ar\/index.php\/wp-json\/wp\/v2\/types\/post"}],"author":[{"embeddable":true,"href":"https:\/\/www.noticiasmas.com.ar\/index.php\/wp-json\/wp\/v2\/users\/5"}],"replies":[{"embeddable":true,"href":"https:\/\/www.noticiasmas.com.ar\/index.php\/wp-json\/wp\/v2\/comments?post=11307"}],"version-history":[{"count":1,"href":"https:\/\/www.noticiasmas.com.ar\/index.php\/wp-json\/wp\/v2\/posts\/11307\/revisions"}],"predecessor-version":[{"id":11309,"href":"https:\/\/www.noticiasmas.com.ar\/index.php\/wp-json\/wp\/v2\/posts\/11307\/revisions\/11309"}],"wp:featuredmedia":[{"embeddable":true,"href":"https:\/\/www.noticiasmas.com.ar\/index.php\/wp-json\/wp\/v2\/media\/11308"}],"wp:attachment":[{"href":"https:\/\/www.noticiasmas.com.ar\/index.php\/wp-json\/wp\/v2\/media?parent=11307"}],"wp:term":[{"taxonomy":"category","embeddable":true,"href":"https:\/\/www.noticiasmas.com.ar\/index.php\/wp-json\/wp\/v2\/categories?post=11307"},{"taxonomy":"post_tag","embeddable":true,"href":"https:\/\/www.noticiasmas.com.ar\/index.php\/wp-json\/wp\/v2\/tags?post=11307"}],"curies":[{"name":"wp","href":"https:\/\/api.w.org\/{rel}","templated":true}]}}