{"id":11350,"date":"2024-12-02T18:38:53","date_gmt":"2024-12-02T21:38:53","guid":{"rendered":"https:\/\/www.noticiasmas.com.ar\/?p=11350"},"modified":"2024-12-02T18:41:59","modified_gmt":"2024-12-02T21:41:59","slug":"puerto-disfruto-de-un-maravilloso-primer-encuentro-de-aquagym","status":"publish","type":"post","link":"https:\/\/www.noticiasmas.com.ar\/index.php\/2024\/12\/02\/puerto-disfruto-de-un-maravilloso-primer-encuentro-de-aquagym\/","title":{"rendered":"Puerto disfrut\u00f3 de un maravilloso primer encuentro de aquagym"},"content":{"rendered":"\n<p>La Villa Deportiva de Puerto General San Mart\u00edn fue escenario el 30 de noviembre del primer encuentro de aquagym que convoc\u00f3 a la ciudad una importante participaci\u00f3n en la pileta climatizada. Con buena onda y mucha energ\u00eda, se vivi\u00f3 un animado momento conducido por las profesoras que recibieron a personas de distintas edades de la ciudad y la regi\u00f3n.<\/p>\n\n\n\n<p>M\u00fasica, bailes, mucho color, y alegr\u00eda compartida, ti\u00f1eron a esta jornada con esta modalidad de ejercicios aer\u00f3bicos que se realizan en el agua, que estimulan la actividad cardiovascular porque implican movimientos constantes.<\/p>\n\n\n\n<p>Estuvieron presentes en el encuentro el presidente del Concejo Municipal, Juan Manuel De Grandis, el concejal Maximiliano De Grandis, el secretario de Educaci\u00f3n y Cultura, Sebasti\u00e1n Lezcano, y el director de Deportes, Gustavo Rojas. \u201cFelicitamos al grupo campe\u00f3n en Rosario que participa de este encuentro. Queremos que disfruten de esta jornada, es un evento lindo para la ciudad en este 135 aniversario. Hay mucha energ\u00eda y voluntad que celebramos\u201d, se\u00f1al\u00f3 Juan Manuel De Grandis.<\/p>\n\n\n\n<figure class=\"wp-block-image size-large\"><img loading=\"lazy\" decoding=\"async\" width=\"1024\" height=\"683\" src=\"https:\/\/www.noticiasmas.com.ar\/wp-content\/uploads\/2024\/12\/aquagym-encuentro-1-1024x683.jpg\" alt=\"\" class=\"wp-image-11354\" srcset=\"https:\/\/www.noticiasmas.com.ar\/wp-content\/uploads\/2024\/12\/aquagym-encuentro-1-1024x683.jpg 1024w, https:\/\/www.noticiasmas.com.ar\/wp-content\/uploads\/2024\/12\/aquagym-encuentro-1-300x200.jpg 300w, https:\/\/www.noticiasmas.com.ar\/wp-content\/uploads\/2024\/12\/aquagym-encuentro-1-768x512.jpg 768w, https:\/\/www.noticiasmas.com.ar\/wp-content\/uploads\/2024\/12\/aquagym-encuentro-1-150x100.jpg 150w, https:\/\/www.noticiasmas.com.ar\/wp-content\/uploads\/2024\/12\/aquagym-encuentro-1-696x464.jpg 696w, https:\/\/www.noticiasmas.com.ar\/wp-content\/uploads\/2024\/12\/aquagym-encuentro-1-1068x712.jpg 1068w, https:\/\/www.noticiasmas.com.ar\/wp-content\/uploads\/2024\/12\/aquagym-encuentro-1.jpg 1200w\" sizes=\"auto, (max-width: 1024px) 100vw, 1024px\" \/><\/figure>\n\n\n\n<p>En tanto, la profesora Diana Santa Cruz, quien coordina esta actividad en Puerto desde hace poco, destac\u00f3 que \u201cmis alumnas y alumnos lo est\u00e1n dando todo en cada clase, van motivados, y no descansan nunca a pesar de hacerlo tambi\u00e9n durante todo el invierno\u201d. \u201cHacemos un muy lindo grupo todo el a\u00f1o y estuvimos en encuentro de aquagym en Rosario y ahora estamos disfrutando nuestro propio encuentro en la ciudad\u201d, explic\u00f3 con entusiasmo previo al encuentro.<\/p>\n\n\n\n<p>Santa Cruz convoc\u00f3 a todos los interesados a sumarse a esta actividad, sin l\u00edmite de edad ni de g\u00e9nero, para las clases que continuar\u00e1n en diciembre, los martes y jueves, de 15 a 16.<\/p>\n\n\n\n<p>El Aquagym es una modalidad de gimnasia acu\u00e1tica que tambi\u00e9n se conoce como \u201cfitness acu\u00e1tico\u201d. Consiste en una serie de ejercicios que tienen muchas ventajas para el organismo porque combina distintos tipos de entrenamiento para estimular tanto la resistencia como la tonificaci\u00f3n muscular.<\/p>\n","protected":false},"excerpt":{"rendered":"<p>La Villa Deportiva de Puerto General San Mart\u00edn fue escenario el 30 de noviembre del primer encuentro de aquagym que convoc\u00f3 a la ciudad una importante participaci\u00f3n en la pileta climatizada. Con buena onda y mucha energ\u00eda, se vivi\u00f3 un animado momento conducido por las profesoras que recibieron a personas de distintas edades de la [&hellip;]<\/p>\n","protected":false},"author":5,"featured_media":11351,"comment_status":"closed","ping_status":"open","sticky":false,"template":"","format":"standard","meta":{"tdm_status":"","tdm_grid_status":"","footnotes":""},"categories":[13],"tags":[3424,127,3544,1654],"class_list":{"0":"post-11350","1":"post","2":"type-post","3":"status-publish","4":"format-standard","5":"has-post-thumbnail","7":"category-region","8":"tag-135o-aniversario","9":"tag-aquagym","10":"tag-encuentro","11":"tag-puerto-gral-san-martin"},"_links":{"self":[{"href":"https:\/\/www.noticiasmas.com.ar\/index.php\/wp-json\/wp\/v2\/posts\/11350","targetHints":{"allow":["GET"]}}],"collection":[{"href":"https:\/\/www.noticiasmas.com.ar\/index.php\/wp-json\/wp\/v2\/posts"}],"about":[{"href":"https:\/\/www.noticiasmas.com.ar\/index.php\/wp-json\/wp\/v2\/types\/post"}],"author":[{"embeddable":true,"href":"https:\/\/www.noticiasmas.com.ar\/index.php\/wp-json\/wp\/v2\/users\/5"}],"replies":[{"embeddable":true,"href":"https:\/\/www.noticiasmas.com.ar\/index.php\/wp-json\/wp\/v2\/comments?post=11350"}],"version-history":[{"count":2,"href":"https:\/\/www.noticiasmas.com.ar\/index.php\/wp-json\/wp\/v2\/posts\/11350\/revisions"}],"predecessor-version":[{"id":11355,"href":"https:\/\/www.noticiasmas.com.ar\/index.php\/wp-json\/wp\/v2\/posts\/11350\/revisions\/11355"}],"wp:featuredmedia":[{"embeddable":true,"href":"https:\/\/www.noticiasmas.com.ar\/index.php\/wp-json\/wp\/v2\/media\/11351"}],"wp:attachment":[{"href":"https:\/\/www.noticiasmas.com.ar\/index.php\/wp-json\/wp\/v2\/media?parent=11350"}],"wp:term":[{"taxonomy":"category","embeddable":true,"href":"https:\/\/www.noticiasmas.com.ar\/index.php\/wp-json\/wp\/v2\/categories?post=11350"},{"taxonomy":"post_tag","embeddable":true,"href":"https:\/\/www.noticiasmas.com.ar\/index.php\/wp-json\/wp\/v2\/tags?post=11350"}],"curies":[{"name":"wp","href":"https:\/\/api.w.org\/{rel}","templated":true}]}}