{"id":11389,"date":"2024-12-05T11:42:16","date_gmt":"2024-12-05T14:42:16","guid":{"rendered":"https:\/\/www.noticiasmas.com.ar\/?p=11389"},"modified":"2024-12-05T11:42:19","modified_gmt":"2024-12-05T14:42:19","slug":"edicion-especial-de-cultura-iriondo-en-salto-grande","status":"publish","type":"post","link":"https:\/\/www.noticiasmas.com.ar\/index.php\/2024\/12\/05\/edicion-especial-de-cultura-iriondo-en-salto-grande\/","title":{"rendered":"Edici\u00f3n Especial de Cultura Iriondo en Salto Grande"},"content":{"rendered":"\n<p>El pr\u00f3ximo 21 de diciembre, el departamento Iriondo despedir\u00e1 el a\u00f1o con una edici\u00f3n especial de Cultura Iriondo. El evento se llevar\u00e1 a cabo en el predio del ferrocarril de Salto Grande a partir de las 19:00 horas.<\/p>\n\n\n\n<p>Este evento ofrecer\u00e1 una variedad de actividades para toda la comunidad, incluyendo una feria de artesanos y emprendedores del departamento, as\u00ed como un delicioso buffet gestionado por instituciones del pueblo. Adem\u00e1s, contar\u00e1 con la participaci\u00f3n de artistas locales acompa\u00f1ados por reconocidas bandas y artistas que animar\u00e1n la noche con su m\u00fasica, entre ellos Abel Rovetto, Iebale, Siempre Verde, Aclamado Amistad, Azul Zaita, Marcos G\u00f3mez (ex Banda XXI) y Rompiendo Espejos.<\/p>\n\n\n\n<p>&#8220;Invitamos a toda la comunidad a participar de esta celebraci\u00f3n \u00fanica. Este evento es una oportunidad para despedir el a\u00f1o y compartir momentos especiales con nuestros vecinos. A trav\u00e9s de iniciativas como Cultura Iriondo, buscamos fortalecer los lazos comunitarios y promover el talento local. No se pierdan esta noche m\u00e1gica, dise\u00f1ada para disfrutar en familia y con amigos&#8221; indic\u00f3 el senador Hugo Jes\u00fas Rasetto.<\/p>\n\n\n\n<p>La entrada al evento ser\u00e1 libre y gratuita, y se espera una gran concurrencia para celebrar y compartir en comunidad.<br><br>Se recuerda a los asistentes que est\u00e1 vigente la ordenanza que proh\u00edbe el uso de copa o envase de vidrio en eventos.<\/p>\n","protected":false},"excerpt":{"rendered":"<p>El pr\u00f3ximo 21 de diciembre, el departamento Iriondo despedir\u00e1 el a\u00f1o con una edici\u00f3n especial de Cultura Iriondo. El evento se llevar\u00e1 a cabo en el predio del ferrocarril de Salto Grande a partir de las 19:00 horas. Este evento ofrecer\u00e1 una variedad de actividades para toda la comunidad, incluyendo una feria de artesanos y [&hellip;]<\/p>\n","protected":false},"author":5,"featured_media":11390,"comment_status":"closed","ping_status":"open","sticky":false,"template":"","format":"standard","meta":{"tdm_status":"","tdm_grid_status":"","footnotes":""},"categories":[13],"tags":[3552,3551,3550,2422],"class_list":{"0":"post-11389","1":"post","2":"type-post","3":"status-publish","4":"format-standard","5":"has-post-thumbnail","7":"category-region","8":"tag-artistas-invitados","9":"tag-cierre-2024","10":"tag-cultura-iriondo","11":"tag-salto-grande"},"_links":{"self":[{"href":"https:\/\/www.noticiasmas.com.ar\/index.php\/wp-json\/wp\/v2\/posts\/11389","targetHints":{"allow":["GET"]}}],"collection":[{"href":"https:\/\/www.noticiasmas.com.ar\/index.php\/wp-json\/wp\/v2\/posts"}],"about":[{"href":"https:\/\/www.noticiasmas.com.ar\/index.php\/wp-json\/wp\/v2\/types\/post"}],"author":[{"embeddable":true,"href":"https:\/\/www.noticiasmas.com.ar\/index.php\/wp-json\/wp\/v2\/users\/5"}],"replies":[{"embeddable":true,"href":"https:\/\/www.noticiasmas.com.ar\/index.php\/wp-json\/wp\/v2\/comments?post=11389"}],"version-history":[{"count":1,"href":"https:\/\/www.noticiasmas.com.ar\/index.php\/wp-json\/wp\/v2\/posts\/11389\/revisions"}],"predecessor-version":[{"id":11391,"href":"https:\/\/www.noticiasmas.com.ar\/index.php\/wp-json\/wp\/v2\/posts\/11389\/revisions\/11391"}],"wp:featuredmedia":[{"embeddable":true,"href":"https:\/\/www.noticiasmas.com.ar\/index.php\/wp-json\/wp\/v2\/media\/11390"}],"wp:attachment":[{"href":"https:\/\/www.noticiasmas.com.ar\/index.php\/wp-json\/wp\/v2\/media?parent=11389"}],"wp:term":[{"taxonomy":"category","embeddable":true,"href":"https:\/\/www.noticiasmas.com.ar\/index.php\/wp-json\/wp\/v2\/categories?post=11389"},{"taxonomy":"post_tag","embeddable":true,"href":"https:\/\/www.noticiasmas.com.ar\/index.php\/wp-json\/wp\/v2\/tags?post=11389"}],"curies":[{"name":"wp","href":"https:\/\/api.w.org\/{rel}","templated":true}]}}