{"id":11405,"date":"2024-12-05T13:17:20","date_gmt":"2024-12-05T16:17:20","guid":{"rendered":"https:\/\/www.noticiasmas.com.ar\/?p=11405"},"modified":"2024-12-05T13:17:23","modified_gmt":"2024-12-05T16:17:23","slug":"el-grupo-despertar-fue-protagonista-de-la-pintada-de-un-mural-por-el-dia-internacional-de-las-personas-con-discapacidad","status":"publish","type":"post","link":"https:\/\/www.noticiasmas.com.ar\/index.php\/2024\/12\/05\/el-grupo-despertar-fue-protagonista-de-la-pintada-de-un-mural-por-el-dia-internacional-de-las-personas-con-discapacidad\/","title":{"rendered":"El Grupo Despertar fue protagonista de la pintada de un mural por el D\u00eda Internacional de las Personas con Discapacidad"},"content":{"rendered":"\n<p>En el marco de los 135 a\u00f1os de la ciudad, el Intendente Municipal de Puerto San Mart\u00edn, Carlos De Grandis, particip\u00f3 junto al Grupo Despertar de la pintada de un hermoso mural conmemorativo al D\u00eda Internacional de las Personas con Discapacidad, una jornada emotiva que busca la inclusi\u00f3n de los todos los chicos a una sociedad m\u00e1s justa.<\/p>\n\n\n\n<p>Con la presencia de los chicos junto a directivos y docentes del grupo, el presidente del Concejo Municipal, Juan Manuel De Grandis, los concejales Sonia Grassano, Joana Passoni, y Maximiliano De Grandis, los secretarios de Desarrollo Social, Fernando Torrens, de Educaci\u00f3n y Cultura, Sebasti\u00e1n Lezcano, todos disfrutaron felices de esta actividad donde no falt\u00f3 la alegr\u00eda, el baile y la m\u00fasica, y algo para picar.<\/p>\n\n\n\n<p>Muchos se animaron a dibujar, otros a dejar su nombre y firma, pero lo importante fue compartir con el grupo otro momento especial m\u00e1s que regocija el alma y alienta a seguir adelante construyendo puentes que unan e incluyan.<\/p>\n\n\n\n<figure class=\"wp-block-image size-large\"><img loading=\"lazy\" decoding=\"async\" width=\"1024\" height=\"682\" src=\"https:\/\/www.noticiasmas.com.ar\/wp-content\/uploads\/2024\/12\/grupo-despertar-1024x682.jpg\" alt=\"\" class=\"wp-image-11406\" srcset=\"https:\/\/www.noticiasmas.com.ar\/wp-content\/uploads\/2024\/12\/grupo-despertar-1024x682.jpg 1024w, https:\/\/www.noticiasmas.com.ar\/wp-content\/uploads\/2024\/12\/grupo-despertar-300x200.jpg 300w, https:\/\/www.noticiasmas.com.ar\/wp-content\/uploads\/2024\/12\/grupo-despertar-768x511.jpg 768w, https:\/\/www.noticiasmas.com.ar\/wp-content\/uploads\/2024\/12\/grupo-despertar-150x100.jpg 150w, https:\/\/www.noticiasmas.com.ar\/wp-content\/uploads\/2024\/12\/grupo-despertar-696x463.jpg 696w, https:\/\/www.noticiasmas.com.ar\/wp-content\/uploads\/2024\/12\/grupo-despertar-1068x711.jpg 1068w, https:\/\/www.noticiasmas.com.ar\/wp-content\/uploads\/2024\/12\/grupo-despertar.jpg 1200w\" sizes=\"auto, (max-width: 1024px) 100vw, 1024px\" \/><\/figure>\n\n\n\n<p>\u201cLos vecinos se sumaron a esta actividad con los chicos. Se hacen tiempo para venir a compartir. Es una jornada muy divertida\u201d, dijo el Intendente.<\/p>\n\n\n\n<p>En tanto, Juan Manuel De Grandis destac\u00f3 esta actividad y se\u00f1al\u00f3 que \u201csiempre digo que todos tenemos capacidades diferentes, y es lindo que se haga esta actividad que se disfruta compartiendo con los chicos del Grupo Despertar\u201d.<\/p>\n\n\n\n<p>Por su parte, el secretario de Desarrollo Social, Fernando Torrens, manifest\u00f3: \u201cTodas las iniciativas del Grupo Despertar buscan la inclusi\u00f3n de todos ellos a una sociedad m\u00e1s justa. Es emocionante, es una alegr\u00eda estar con ellos, por las palabras que nos expresan siempre y cari\u00f1o que tienen con todo el pueblo, que lo retribuye siempre con m\u00e1s cari\u00f1o porque es un grupo insignia para toda la ciudad. Estamos orgullosos de pertenecer a un grupo de gobierno que pone a la inclusi\u00f3n como prioridad\u201d.<\/p>\n\n\n\n<p>La jornada se vivi\u00f3 a pura cumbia, como les gusta a los chicos del grupo, pero sobre todo generando con esta actividad conciencia para ser mejores como personas, y abrazar las causas que nos tiene que proyectar a una sociedad que trate amablemente y con mucho cari\u00f1o las diferencias.&nbsp;<\/p>\n","protected":false},"excerpt":{"rendered":"<p>En el marco de los 135 a\u00f1os de la ciudad, el Intendente Municipal de Puerto San Mart\u00edn, Carlos De Grandis, particip\u00f3 junto al Grupo Despertar de la pintada de un hermoso mural conmemorativo al D\u00eda Internacional de las Personas con Discapacidad, una jornada emotiva que busca la inclusi\u00f3n de los todos los chicos a una [&hellip;]<\/p>\n","protected":false},"author":5,"featured_media":11407,"comment_status":"closed","ping_status":"open","sticky":false,"template":"","format":"standard","meta":{"tdm_status":"","tdm_grid_status":"","footnotes":""},"categories":[13],"tags":[3559,2913,1654],"class_list":{"0":"post-11405","1":"post","2":"type-post","3":"status-publish","4":"format-standard","5":"has-post-thumbnail","7":"category-region","8":"tag-dia-internacional-de-las-personas-con-discapacidad","9":"tag-grupo-despertar","10":"tag-puerto-gral-san-martin"},"_links":{"self":[{"href":"https:\/\/www.noticiasmas.com.ar\/index.php\/wp-json\/wp\/v2\/posts\/11405","targetHints":{"allow":["GET"]}}],"collection":[{"href":"https:\/\/www.noticiasmas.com.ar\/index.php\/wp-json\/wp\/v2\/posts"}],"about":[{"href":"https:\/\/www.noticiasmas.com.ar\/index.php\/wp-json\/wp\/v2\/types\/post"}],"author":[{"embeddable":true,"href":"https:\/\/www.noticiasmas.com.ar\/index.php\/wp-json\/wp\/v2\/users\/5"}],"replies":[{"embeddable":true,"href":"https:\/\/www.noticiasmas.com.ar\/index.php\/wp-json\/wp\/v2\/comments?post=11405"}],"version-history":[{"count":1,"href":"https:\/\/www.noticiasmas.com.ar\/index.php\/wp-json\/wp\/v2\/posts\/11405\/revisions"}],"predecessor-version":[{"id":11408,"href":"https:\/\/www.noticiasmas.com.ar\/index.php\/wp-json\/wp\/v2\/posts\/11405\/revisions\/11408"}],"wp:featuredmedia":[{"embeddable":true,"href":"https:\/\/www.noticiasmas.com.ar\/index.php\/wp-json\/wp\/v2\/media\/11407"}],"wp:attachment":[{"href":"https:\/\/www.noticiasmas.com.ar\/index.php\/wp-json\/wp\/v2\/media?parent=11405"}],"wp:term":[{"taxonomy":"category","embeddable":true,"href":"https:\/\/www.noticiasmas.com.ar\/index.php\/wp-json\/wp\/v2\/categories?post=11405"},{"taxonomy":"post_tag","embeddable":true,"href":"https:\/\/www.noticiasmas.com.ar\/index.php\/wp-json\/wp\/v2\/tags?post=11405"}],"curies":[{"name":"wp","href":"https:\/\/api.w.org\/{rel}","templated":true}]}}