{"id":11437,"date":"2024-12-06T18:04:49","date_gmt":"2024-12-06T21:04:49","guid":{"rendered":"https:\/\/www.noticiasmas.com.ar\/?p=11437"},"modified":"2024-12-06T18:04:51","modified_gmt":"2024-12-06T21:04:51","slug":"banda-los-menores-4-detenidos-en-multiples-allanamientos-en-barrio-7-de-septiembre","status":"publish","type":"post","link":"https:\/\/www.noticiasmas.com.ar\/index.php\/2024\/12\/06\/banda-los-menores-4-detenidos-en-multiples-allanamientos-en-barrio-7-de-septiembre\/","title":{"rendered":"Banda Los Menores: 4 detenidos en m\u00faltiples allanamientos en barrio 7 de Septiembre"},"content":{"rendered":"\n<p>Adem\u00e1s, la PDI secuestr\u00f3 droga, armas de fuego y material de importancia para las causas que investiga el MPA por delitos relacionados al microtr\u00e1fico en la zona oeste de Rosario.<\/p>\n\n\n\n<p>La Polic\u00eda de Investigaciones (PDI), dependiente del Ministerio de Justicia y Seguridad de la Provincia, detuvo en la madrugada de hoy a cuatro personas y secuestr\u00f3 droga y armas de fuego en m\u00faltiples allanamientos realizados en el barrio 7 de Septiembre, en la zona noroeste de la ciudad de Rosario. Las medidas se tomaron en el marco de diversas causas que investiga el Ministerio P\u00fablico de la Acusaci\u00f3n (MPA) por m\u00faltiples delitos asociados al microtr\u00e1fico en la zona.<br>Luego de trabajar en investigaciones proactivas sobre microtr\u00e1fico, los fiscales Franco Carbone y C\u00e9sar Pierantoni, de la Unidad de Microtr\u00e1fico del MPA, informaron sobre la presunta comercializaci\u00f3n de estupefacientes en distintos puntos del barrio 7 de Septiembre, en donde estaban mencionados integrantes de la Banda de los Menores. Por ese motivo, agentes de la Brigada Operativa de la Regi\u00f3n II de la PDI lograron identificar a varias personas que se encuentran relacionadas directa e indirectamente cumpliendo un rol determinado para el funcionamiento de la organizaci\u00f3n narcocriminal.<br>Los allanamientos se llevaron adelante en Schweitzer al 7900 y al 8000, Ayala Gauna al 7700, Olmos al 1200 bis, Mart\u00ednez de Estrada al 7700, S\u00e1nchez de Loria al 1200 bis, Pasaje Cachi al 1500, Undinarrain al 7900, Ayala Gauna al 7900 (en cuatro domicilios), Venezuela al 900, Pasaje Ancamay\u00fa al 1200 bis y al 1300 bis, Donado y Pasaje Seren, y Acevedo al 1000 bis.<\/p>\n\n\n\n<figure class=\"wp-block-image size-large\"><img loading=\"lazy\" decoding=\"async\" width=\"1024\" height=\"682\" src=\"https:\/\/www.noticiasmas.com.ar\/wp-content\/uploads\/2024\/12\/Banda-Los-Menores-1024x682.jpg\" alt=\"\" class=\"wp-image-11439\" srcset=\"https:\/\/www.noticiasmas.com.ar\/wp-content\/uploads\/2024\/12\/Banda-Los-Menores-1024x682.jpg 1024w, https:\/\/www.noticiasmas.com.ar\/wp-content\/uploads\/2024\/12\/Banda-Los-Menores-300x200.jpg 300w, https:\/\/www.noticiasmas.com.ar\/wp-content\/uploads\/2024\/12\/Banda-Los-Menores-768x511.jpg 768w, https:\/\/www.noticiasmas.com.ar\/wp-content\/uploads\/2024\/12\/Banda-Los-Menores-150x100.jpg 150w, https:\/\/www.noticiasmas.com.ar\/wp-content\/uploads\/2024\/12\/Banda-Los-Menores-696x463.jpg 696w, https:\/\/www.noticiasmas.com.ar\/wp-content\/uploads\/2024\/12\/Banda-Los-Menores-1068x711.jpg 1068w, https:\/\/www.noticiasmas.com.ar\/wp-content\/uploads\/2024\/12\/Banda-Los-Menores.jpg 1200w\" sizes=\"auto, (max-width: 1024px) 100vw, 1024px\" \/><\/figure>\n\n\n\n<p>Detenidos<\/p>\n\n\n\n<p>Al cabo de las medidas ejecutadas, cuatros personas resultaron detenidas y ser\u00e1n llevadas a audiencia imputativa; como as\u00ed tambi\u00e9n se logr\u00f3 el secuestro de: 1,847 kg de marihuana, 13 plantas de marihuana, 2 frascos con material estupefaciente, un qu\u00edmico de cultivo, 2 balanzas de precisi\u00f3n, elementos de recorte, 4 armas de fuego, 34 tel\u00e9fonos celulares, 193 cartuchos calibre 22, 18 cal. 32, 53 cartuchos 9 mm, una vaina servida cal. 16, una notebook, y documentaci\u00f3n importante para las causas.<\/p>\n\n\n\n<p><br>En relaci\u00f3n a las medidas tomadas, el fiscal Pierantoni destac\u00f3 que la investigaci\u00f3n se origin\u00f3 a partir de reiteradas denuncias por venta de estupefacientes y tenencia de armas de fuego en la zona.<br>Por su parte, Carbone afirm\u00f3 que las causas involucran a un grupo de personas que estar\u00edan vinculadas a La Banda de los Menores y que \u201cesto forma parte de un trabajo priorizado por la Fiscal\u00eda General a trav\u00e9s de un Plan de Persecuci\u00f3n Penal, ya que en el barrio Stella Maris -lindero al 7 de Septiembre- en febrero hicimos 39 allanamientos, en junio otros 17, siempre con secuestro de estupefacientes y armas de fuego, incluyendo un derribo de un punto de venta\u201d.<br>Asimismo, el secretario de An\u00e1lisis y Gesti\u00f3n de la Informaci\u00f3n del Ministerio de Justicia y Seguridad, Esteban Santantino, destac\u00f3 que lo primordial es la continuidad de la Intervenci\u00f3n Barrial Focalizada, un programa llevado adelante conjuntamente entre distintos ministerios del gobierno provincial con la Municipalidad de Rosario y el MPA, haciendo hincapi\u00e9 en los barrios donde hist\u00f3ricamente se concentr\u00f3 la circulaci\u00f3n de violencia altamente lesiva\u201d. \u201cA la persecuci\u00f3n penal le sumamos un plan que viene dando buenos resultados en la ciudad y en la provincia\u201d, concluy\u00f3 el funcionario.<\/p>\n","protected":false},"excerpt":{"rendered":"<p>Adem\u00e1s, la PDI secuestr\u00f3 droga, armas de fuego y material de importancia para las causas que investiga el MPA por delitos relacionados al microtr\u00e1fico en la zona oeste de Rosario. La Polic\u00eda de Investigaciones (PDI), dependiente del Ministerio de Justicia y Seguridad de la Provincia, detuvo en la madrugada de hoy a cuatro personas y [&hellip;]<\/p>\n","protected":false},"author":5,"featured_media":11440,"comment_status":"closed","ping_status":"open","sticky":false,"template":"","format":"standard","meta":{"tdm_status":"","tdm_grid_status":"","footnotes":""},"categories":[9],"tags":[96,3570,3569,163],"class_list":{"0":"post-11437","1":"post","2":"type-post","3":"status-publish","4":"format-standard","5":"has-post-thumbnail","7":"category-policiales","8":"tag-allanamientos","9":"tag-banda-los-menores","10":"tag-barrio-7-de-septiembre","11":"tag-rosario"},"_links":{"self":[{"href":"https:\/\/www.noticiasmas.com.ar\/index.php\/wp-json\/wp\/v2\/posts\/11437","targetHints":{"allow":["GET"]}}],"collection":[{"href":"https:\/\/www.noticiasmas.com.ar\/index.php\/wp-json\/wp\/v2\/posts"}],"about":[{"href":"https:\/\/www.noticiasmas.com.ar\/index.php\/wp-json\/wp\/v2\/types\/post"}],"author":[{"embeddable":true,"href":"https:\/\/www.noticiasmas.com.ar\/index.php\/wp-json\/wp\/v2\/users\/5"}],"replies":[{"embeddable":true,"href":"https:\/\/www.noticiasmas.com.ar\/index.php\/wp-json\/wp\/v2\/comments?post=11437"}],"version-history":[{"count":1,"href":"https:\/\/www.noticiasmas.com.ar\/index.php\/wp-json\/wp\/v2\/posts\/11437\/revisions"}],"predecessor-version":[{"id":11441,"href":"https:\/\/www.noticiasmas.com.ar\/index.php\/wp-json\/wp\/v2\/posts\/11437\/revisions\/11441"}],"wp:featuredmedia":[{"embeddable":true,"href":"https:\/\/www.noticiasmas.com.ar\/index.php\/wp-json\/wp\/v2\/media\/11440"}],"wp:attachment":[{"href":"https:\/\/www.noticiasmas.com.ar\/index.php\/wp-json\/wp\/v2\/media?parent=11437"}],"wp:term":[{"taxonomy":"category","embeddable":true,"href":"https:\/\/www.noticiasmas.com.ar\/index.php\/wp-json\/wp\/v2\/categories?post=11437"},{"taxonomy":"post_tag","embeddable":true,"href":"https:\/\/www.noticiasmas.com.ar\/index.php\/wp-json\/wp\/v2\/tags?post=11437"}],"curies":[{"name":"wp","href":"https:\/\/api.w.org\/{rel}","templated":true}]}}