{"id":11535,"date":"2024-12-13T18:57:04","date_gmt":"2024-12-13T21:57:04","guid":{"rendered":"https:\/\/www.noticiasmas.com.ar\/?p=11535"},"modified":"2024-12-13T18:57:07","modified_gmt":"2024-12-13T21:57:07","slug":"este-domingo-la-avenida-se-convierte-en-peatonal-con-gastronomia-regalos-y-atracciones","status":"publish","type":"post","link":"https:\/\/www.noticiasmas.com.ar\/index.php\/2024\/12\/13\/este-domingo-la-avenida-se-convierte-en-peatonal-con-gastronomia-regalos-y-atracciones\/","title":{"rendered":"Este domingo, la avenida se convierte en peatonal, con gastronom\u00eda, regalos y atracciones"},"content":{"rendered":"\n<p><strong>Entre las 19 y las 23 h habr\u00e1 food trucks, espect\u00e1culos y talleres de galletas y decoraci\u00f3n navide\u00f1a. Adem\u00e1s, quienes realicen compras ese d\u00eda participar\u00e1n de un sorteo por \u00f3rdenes de compra. La actividad es organizada por Yo amo mi ciudad y la Municipalidad de San Lorenzo, con el objetivo de estimular la actividad comercial local.<\/strong><\/p>\n\n\n\n<p>Este domingo 15 de diciembre San Lorenzo reeditar\u00e1 un cl\u00e1sico que cada a\u00f1o se pone mejor: de 19 a 23 h el tramo central de la avenida se convertir\u00e1 en un gran paseo peatonal y, de cara a la Navidad, ofrecer\u00e1 regalos, comida rica y diferentes atracciones. La actividad es organizada por la C\u00e1mara de Comerciantes Yo Amo mi Ciudad y la Municipalidad de San Lorenzo, como parte de una agenda impulsada por el Estado local con el apoyo activo de instituciones comerciales, civiles y religiosas.<\/p>\n\n\n\n<p>Puntualmente, se presentar\u00e1n escuelas de danzas, habr\u00e1 food trucks con m\u00faltiples opciones para comer y beber y se dictar\u00e1n talleres de galletas y decoraci\u00f3n navide\u00f1a.<\/p>\n\n\n\n<p>Adem\u00e1s, quienes compren ese d\u00eda participar\u00e1n de un sorteo por cinco \u00f3rdenes de compra de 100.000 pesos, que tendr\u00e1 lugar a las 22 h en el Paseo del Pino.<\/p>\n\n\n\n<p>El evento contar\u00e1 con la participaci\u00f3n de las asociaciones civiles Cadi y TGD Padres Unidos, que brindar\u00e1 un mensaje de concientizaci\u00f3n sobre la necesidad de celebrar las fiestas con Pirotecnia Cero.<\/p>\n\n\n\n<p>Ma\u00f1ana, s\u00e1bado 14, a las 20.30 h, en la parroquia San Antonio de Padua la Camerata Municipal, la Academia de M\u00fasica y el coro de la instituci\u00f3n religiosa interpretar\u00e1n villancicos.<\/p>\n\n\n\n<p><strong>As\u00ed seguir\u00e1 la agenda navide\u00f1a de San Lorenzo<br><\/strong>Pap\u00e1 Noel llegar\u00e1 al Paseo del Pino de San Lorenzo el 19 de diciembre a las 19 h y en jornadas consecutivas hasta el 23 incluido se sacar\u00e1 fotos junto a los ni\u00f1os en un marco deslumbrante, con renos, juegos y diferentes atracciones.<\/p>\n\n\n\n<p>El 20 de diciembre a las 19 h en la plaza San Mart\u00edn la Comunidad Redentor presentar\u00e1 la obra \u201cEl Ungido\u201d, un mensaje de esperanza que proyectar\u00e1n m\u00e1s de 120 coreutas en un evento que contar\u00e1 con regalos y muchas sorpresas.<\/p>\n\n\n\n<p>Tambi\u00e9n el s\u00e1bado 21, a las 21 h, habr\u00e1 un concierto de la Camerata Libertador San Mart\u00edn y la Academia de M\u00fasica Antigua, juntos haciendo un repertorios de villancicos navide\u00f1os.<\/p>\n\n\n\n<p>El domingo 22, a las 21 h, en el P\u00f3rtico de la Gloria, la Banda Sinf\u00f3nica Municipal \u201cOrlando Scalona\u201d brindar\u00e1 un concierto a la luz de las velas.<\/p>\n\n\n\n<p>El 21 y el 23 de diciembre, de 20 a 23 h, ser\u00e1 la Hora Feliz, con grandes promociones en comercios adheridos a Yo Amo mi Ciudad, y el 23 de diciembre en el Teatro Aldo Braga tendr\u00e1 lugar el Pesebre Viviente. Este mismo d\u00eda, en avenida Del Combate habr\u00e1 un gran mercado navide\u00f1o de emprendedores locales.<\/p>\n\n\n\n<p>Como bonus track, el 28 de diciembre a las 20.30 h en el Paseo del Pino se llevar\u00e1 a cabo el sorteo de Yo amo mi ciudad, que regalar\u00e1 a los clientes de los comercios adheridos un viaje para dos personas, una moto y 200 productos.<\/p>\n","protected":false},"excerpt":{"rendered":"<p>Entre las 19 y las 23 h habr\u00e1 food trucks, espect\u00e1culos y talleres de galletas y decoraci\u00f3n navide\u00f1a. Adem\u00e1s, quienes realicen compras ese d\u00eda participar\u00e1n de un sorteo por \u00f3rdenes de compra. La actividad es organizada por Yo amo mi ciudad y la Municipalidad de San Lorenzo, con el objetivo de estimular la actividad comercial [&hellip;]<\/p>\n","protected":false},"author":5,"featured_media":11536,"comment_status":"closed","ping_status":"open","sticky":false,"template":"","format":"standard","meta":{"tdm_status":"","tdm_grid_status":"","footnotes":""},"categories":[13],"tags":[3586,3587,58],"class_list":{"0":"post-11535","1":"post","2":"type-post","3":"status-publish","4":"format-standard","5":"has-post-thumbnail","7":"category-region","8":"tag-domingo-15","9":"tag-peatonal-san-martin","10":"tag-san-lorenzo"},"_links":{"self":[{"href":"https:\/\/www.noticiasmas.com.ar\/index.php\/wp-json\/wp\/v2\/posts\/11535","targetHints":{"allow":["GET"]}}],"collection":[{"href":"https:\/\/www.noticiasmas.com.ar\/index.php\/wp-json\/wp\/v2\/posts"}],"about":[{"href":"https:\/\/www.noticiasmas.com.ar\/index.php\/wp-json\/wp\/v2\/types\/post"}],"author":[{"embeddable":true,"href":"https:\/\/www.noticiasmas.com.ar\/index.php\/wp-json\/wp\/v2\/users\/5"}],"replies":[{"embeddable":true,"href":"https:\/\/www.noticiasmas.com.ar\/index.php\/wp-json\/wp\/v2\/comments?post=11535"}],"version-history":[{"count":1,"href":"https:\/\/www.noticiasmas.com.ar\/index.php\/wp-json\/wp\/v2\/posts\/11535\/revisions"}],"predecessor-version":[{"id":11537,"href":"https:\/\/www.noticiasmas.com.ar\/index.php\/wp-json\/wp\/v2\/posts\/11535\/revisions\/11537"}],"wp:featuredmedia":[{"embeddable":true,"href":"https:\/\/www.noticiasmas.com.ar\/index.php\/wp-json\/wp\/v2\/media\/11536"}],"wp:attachment":[{"href":"https:\/\/www.noticiasmas.com.ar\/index.php\/wp-json\/wp\/v2\/media?parent=11535"}],"wp:term":[{"taxonomy":"category","embeddable":true,"href":"https:\/\/www.noticiasmas.com.ar\/index.php\/wp-json\/wp\/v2\/categories?post=11535"},{"taxonomy":"post_tag","embeddable":true,"href":"https:\/\/www.noticiasmas.com.ar\/index.php\/wp-json\/wp\/v2\/tags?post=11535"}],"curies":[{"name":"wp","href":"https:\/\/api.w.org\/{rel}","templated":true}]}}