{"id":11554,"date":"2024-12-16T07:14:03","date_gmt":"2024-12-16T10:14:03","guid":{"rendered":"https:\/\/www.noticiasmas.com.ar\/?p=11554"},"modified":"2024-12-16T07:14:05","modified_gmt":"2024-12-16T10:14:05","slug":"milei-y-un-fuerte-mensaje-para-los-propios-el-que-no-sigue-la-linea-del-partido-es-expulsado","status":"publish","type":"post","link":"https:\/\/www.noticiasmas.com.ar\/index.php\/2024\/12\/16\/milei-y-un-fuerte-mensaje-para-los-propios-el-que-no-sigue-la-linea-del-partido-es-expulsado\/","title":{"rendered":"Milei y un fuerte mensaje para los propios: &#8220;El que no sigue la l\u00ednea del partido es expulsado&#8221;"},"content":{"rendered":"\n<p>El Presidente Javier Milei enfatiz\u00f3 este s\u00e1bado por la tarde, desde Roma, que en su gobierno, \u201cel que viene con agendas propias y no acata la l\u00ednea del Partido es expulsado\u201d, a la vez que reiter\u00f3 su defensa de \u201cla vida, la libertad y la propiedad privada\u201d.<\/p>\n\n\n\n<p>Las declaraciones las formul\u00f3 al exponer en Italia, en el festival Atreju 2024, donde viaj\u00f3 como parte de su visita oficial al pa\u00eds europeo en donde tuvo reuniones con la primer ministra Georgia Meloni y empresarios como el CEO de Ferrari, John Elckmann.<\/p>\n\n\n\n<p>El mensaje es sumamente controversial en el marco de una disputa cada vez m\u00e1s evidente de poder entre parte de su gabinete y la vicepresidenta de la Naci\u00f3n, Victoria Villarruel, en vistas al armado de lo que ser\u00e1 el espacio de La Libertad Avanza en las pr\u00f3ximas elecciones legislativas del incipiente a\u00f1o pr\u00f3ximo.<\/p>\n\n\n\n<p>El Presidente Milei resumi\u00f3 que en \u201cnuestro gobierno adherimos a una serie de principios innegociables: que el libre mercado produce prosperidad para todos; que el gobierno tiene que ser limitado; que los argentinos saben mejor que un bur\u00f3crata c\u00f3mo producir, a qui\u00e9n emplear y con qui\u00e9n comerciar. Y, en materia de seguridad, sostenemos que el que las hace, las paga&#8221;.<\/p>\n\n\n\n<p>Finalmente, en su alocuci\u00f3n agradeci\u00f3 a Atreju y a la presidente del Consejo de Ministros de la Rep\u00fablica Italiana, Giorgia Meloni, por la invitaci\u00f3n, a la vez que convoc\u00f3 a su par italiana a participar de la pr\u00f3xima edici\u00f3n de la CPAC que se realice en Buenos Aires.<\/p>\n\n\n\n<p>Durante su intervenci\u00f3n, el mandatario argentino comparti\u00f3 el \u201cdec\u00e1logo de acci\u00f3n pol\u00edtica&#8221; que lo inspira y sostuvo \u201cvamos a hablar de m\u00e9todo pol\u00edtico, vamos a hablar de poder y de ejercer el poder\u201d y record\u00f3 que hace unos d\u00edas ya se cumpli\u00f3 el primer aniversario de su gobierno, a pesar de \u201cque cre\u00edan que \u00edbamos a durar solo un par de meses\u201d.<\/p>\n","protected":false},"excerpt":{"rendered":"<p>El Presidente Javier Milei enfatiz\u00f3 este s\u00e1bado por la tarde, desde Roma, que en su gobierno, \u201cel que viene con agendas propias y no acata la l\u00ednea del Partido es expulsado\u201d, a la vez que reiter\u00f3 su defensa de \u201cla vida, la libertad y la propiedad privada\u201d. Las declaraciones las formul\u00f3 al exponer en Italia, [&hellip;]<\/p>\n","protected":false},"author":9,"featured_media":11556,"comment_status":"closed","ping_status":"open","sticky":false,"template":"","format":"standard","meta":{"tdm_status":"","tdm_grid_status":"","footnotes":""},"categories":[8],"tags":[1530,60,39],"class_list":{"0":"post-11554","1":"post","2":"type-post","3":"status-publish","4":"format-standard","5":"has-post-thumbnail","7":"category-politica","8":"tag-italia","9":"tag-javier-milei","10":"tag-politica"},"_links":{"self":[{"href":"https:\/\/www.noticiasmas.com.ar\/index.php\/wp-json\/wp\/v2\/posts\/11554","targetHints":{"allow":["GET"]}}],"collection":[{"href":"https:\/\/www.noticiasmas.com.ar\/index.php\/wp-json\/wp\/v2\/posts"}],"about":[{"href":"https:\/\/www.noticiasmas.com.ar\/index.php\/wp-json\/wp\/v2\/types\/post"}],"author":[{"embeddable":true,"href":"https:\/\/www.noticiasmas.com.ar\/index.php\/wp-json\/wp\/v2\/users\/9"}],"replies":[{"embeddable":true,"href":"https:\/\/www.noticiasmas.com.ar\/index.php\/wp-json\/wp\/v2\/comments?post=11554"}],"version-history":[{"count":1,"href":"https:\/\/www.noticiasmas.com.ar\/index.php\/wp-json\/wp\/v2\/posts\/11554\/revisions"}],"predecessor-version":[{"id":11557,"href":"https:\/\/www.noticiasmas.com.ar\/index.php\/wp-json\/wp\/v2\/posts\/11554\/revisions\/11557"}],"wp:featuredmedia":[{"embeddable":true,"href":"https:\/\/www.noticiasmas.com.ar\/index.php\/wp-json\/wp\/v2\/media\/11556"}],"wp:attachment":[{"href":"https:\/\/www.noticiasmas.com.ar\/index.php\/wp-json\/wp\/v2\/media?parent=11554"}],"wp:term":[{"taxonomy":"category","embeddable":true,"href":"https:\/\/www.noticiasmas.com.ar\/index.php\/wp-json\/wp\/v2\/categories?post=11554"},{"taxonomy":"post_tag","embeddable":true,"href":"https:\/\/www.noticiasmas.com.ar\/index.php\/wp-json\/wp\/v2\/tags?post=11554"}],"curies":[{"name":"wp","href":"https:\/\/api.w.org\/{rel}","templated":true}]}}