{"id":11598,"date":"2024-12-17T16:13:36","date_gmt":"2024-12-17T19:13:36","guid":{"rendered":"https:\/\/www.noticiasmas.com.ar\/?p=11598"},"modified":"2024-12-17T16:13:37","modified_gmt":"2024-12-17T19:13:37","slug":"dos-detenidos-por-robo-de-cables-del-alumbrado-publico-en-pueblo-andino","status":"publish","type":"post","link":"https:\/\/www.noticiasmas.com.ar\/index.php\/2024\/12\/17\/dos-detenidos-por-robo-de-cables-del-alumbrado-publico-en-pueblo-andino\/","title":{"rendered":"Dos detenidos por robo de cables del alumbrado p\u00fablico en Pueblo Andino"},"content":{"rendered":"\n<p>Dos personas fueron aprehendidas bajo la car\u00e1tula de <em>Encubrimiento<\/em> por sustracci\u00f3n de cables del alumbrado p\u00fablico. El operativo se llev\u00f3 a cabo luego de un llamado telef\u00f3nico que alert\u00f3 a la polic\u00eda sobre la presencia de individuos desarmando cables en la calle Potalivo al 100.<\/p>\n\n\n\n<p>Al llegar al lugar, los efectivos policiales procedieron a la detenci\u00f3n de una mujer de 43 a\u00f1os de edad y un hombre de 29 a\u00f1os de edad, ambos residentes de la localidad. Durante la intervenci\u00f3n, se secuestraron los cables sustra\u00eddos, los cuales fueron reconocidos por personal comunal como material robado en reiteradas ocasiones del alumbrado p\u00fablico.<\/p>\n\n\n\n<p>Tras la consulta con la fiscal\u00eda interviniente, se determin\u00f3 que a los detenidos se les formule causa por <em>Encubrimiento<\/em>. Luego de ser notificados sobre la audiencia imputativa, recuperaron su libertad.<\/p>\n\n\n\n<figure class=\"wp-block-image size-full\"><img loading=\"lazy\" decoding=\"async\" width=\"462\" height=\"347\" src=\"https:\/\/www.noticiasmas.com.ar\/wp-content\/uploads\/2024\/12\/image.png\" alt=\"\" class=\"wp-image-11600\" srcset=\"https:\/\/www.noticiasmas.com.ar\/wp-content\/uploads\/2024\/12\/image.png 462w, https:\/\/www.noticiasmas.com.ar\/wp-content\/uploads\/2024\/12\/image-300x225.png 300w, https:\/\/www.noticiasmas.com.ar\/wp-content\/uploads\/2024\/12\/image-150x113.png 150w, https:\/\/www.noticiasmas.com.ar\/wp-content\/uploads\/2024\/12\/image-265x198.png 265w\" sizes=\"auto, (max-width: 462px) 100vw, 462px\" \/><\/figure>\n\n\n\n<p><\/p>\n","protected":false},"excerpt":{"rendered":"<p>Dos personas fueron aprehendidas bajo la car\u00e1tula de Encubrimiento por sustracci\u00f3n de cables del alumbrado p\u00fablico. El operativo se llev\u00f3 a cabo luego de un llamado telef\u00f3nico que alert\u00f3 a la polic\u00eda sobre la presencia de individuos desarmando cables en la calle Potalivo al 100. Al llegar al lugar, los efectivos policiales procedieron a la [&hellip;]<\/p>\n","protected":false},"author":9,"featured_media":11599,"comment_status":"closed","ping_status":"open","sticky":false,"template":"","format":"standard","meta":{"tdm_status":"","tdm_grid_status":"","footnotes":""},"categories":[9],"tags":[172,109],"class_list":{"0":"post-11598","1":"post","2":"type-post","3":"status-publish","4":"format-standard","5":"has-post-thumbnail","7":"category-policiales","8":"tag-policiales","9":"tag-pueblo-andino"},"_links":{"self":[{"href":"https:\/\/www.noticiasmas.com.ar\/index.php\/wp-json\/wp\/v2\/posts\/11598","targetHints":{"allow":["GET"]}}],"collection":[{"href":"https:\/\/www.noticiasmas.com.ar\/index.php\/wp-json\/wp\/v2\/posts"}],"about":[{"href":"https:\/\/www.noticiasmas.com.ar\/index.php\/wp-json\/wp\/v2\/types\/post"}],"author":[{"embeddable":true,"href":"https:\/\/www.noticiasmas.com.ar\/index.php\/wp-json\/wp\/v2\/users\/9"}],"replies":[{"embeddable":true,"href":"https:\/\/www.noticiasmas.com.ar\/index.php\/wp-json\/wp\/v2\/comments?post=11598"}],"version-history":[{"count":1,"href":"https:\/\/www.noticiasmas.com.ar\/index.php\/wp-json\/wp\/v2\/posts\/11598\/revisions"}],"predecessor-version":[{"id":11601,"href":"https:\/\/www.noticiasmas.com.ar\/index.php\/wp-json\/wp\/v2\/posts\/11598\/revisions\/11601"}],"wp:featuredmedia":[{"embeddable":true,"href":"https:\/\/www.noticiasmas.com.ar\/index.php\/wp-json\/wp\/v2\/media\/11599"}],"wp:attachment":[{"href":"https:\/\/www.noticiasmas.com.ar\/index.php\/wp-json\/wp\/v2\/media?parent=11598"}],"wp:term":[{"taxonomy":"category","embeddable":true,"href":"https:\/\/www.noticiasmas.com.ar\/index.php\/wp-json\/wp\/v2\/categories?post=11598"},{"taxonomy":"post_tag","embeddable":true,"href":"https:\/\/www.noticiasmas.com.ar\/index.php\/wp-json\/wp\/v2\/tags?post=11598"}],"curies":[{"name":"wp","href":"https:\/\/api.w.org\/{rel}","templated":true}]}}