{"id":11682,"date":"2024-12-21T15:15:24","date_gmt":"2024-12-21T18:15:24","guid":{"rendered":"https:\/\/www.noticiasmas.com.ar\/?p=11682"},"modified":"2024-12-21T15:15:27","modified_gmt":"2024-12-21T18:15:27","slug":"operativo-fiestas-coordinan-acciones-para-el-operativo-de-seguridad-en-navidad-y-fin-de-ano","status":"publish","type":"post","link":"https:\/\/www.noticiasmas.com.ar\/index.php\/2024\/12\/21\/operativo-fiestas-coordinan-acciones-para-el-operativo-de-seguridad-en-navidad-y-fin-de-ano\/","title":{"rendered":"Operativo Fiestas: Coordinan acciones para el operativo de seguridad en Navidad y Fin de A\u00f1o"},"content":{"rendered":"\n<p>Habr\u00e1 controles de alcoholemia y un refuerzo en los patrullajes de las zonas m\u00e1s concurridas de San Lorenzo. Adem\u00e1s, la costanera Parente permanecer\u00e1 cortada desde las noches del 24 y el 31 hasta la ma\u00f1ana de los d\u00edas siguientes. Las acciones se realizar\u00e1n de forma conjunta entre Inspecci\u00f3n General de la Municipalidad, Polic\u00eda y Prefectura.<\/p>\n\n\n\n<p>En estas fiestas, la Municipalidad, la Polic\u00eda y Prefectura realizar\u00e1n operativos conjuntos para reforzar la seguridad en las zonas m\u00e1s concurridas de la ciudad. Este viernes por la ma\u00f1ana en la Sala de Prensa, la secretaria de Gobierno y Cultura, Ver\u00f3nica Cittadini, recibi\u00f3 a autoridades de la Unidad Regional XVII y de Inspecci\u00f3n General para coordinar las acciones que se llevar\u00e1n a cabo en Navidad y A\u00f1o Nuevo.<\/p>\n\n\n\n<p>Se dispuso que habr\u00e1 controles de alcoholemia y un refuerzo de los patrullajes en puntos de reuni\u00f3n como el Paseo del Pino y el Campo de la Gloria. Adem\u00e1s, desde las primeras horas de la noche del 24 y el 31 y hasta la ma\u00f1ana de los d\u00edas siguientes, la costanera Parente permanecer\u00e1 cortada con vallas por las calles perpendiculares a la altura de Col\u00f3n.<\/p>\n\n\n\n<p>Del encuentro con la secretaria de Gobierno y Cultura participaron el jefe de la Unidad Regional Gustavo Rapuzzi, el jefe de Ayudant\u00eda comisario Diego Ronsisvalle, y el jefe de Inspecci\u00f3n General de la Municipalidad, Daniel Mart\u00ednez.<\/p>\n","protected":false},"excerpt":{"rendered":"<p>Habr\u00e1 controles de alcoholemia y un refuerzo en los patrullajes de las zonas m\u00e1s concurridas de San Lorenzo. Adem\u00e1s, la costanera Parente permanecer\u00e1 cortada desde las noches del 24 y el 31 hasta la ma\u00f1ana de los d\u00edas siguientes. Las acciones se realizar\u00e1n de forma conjunta entre Inspecci\u00f3n General de la Municipalidad, Polic\u00eda y Prefectura. [&hellip;]<\/p>\n","protected":false},"author":3,"featured_media":11683,"comment_status":"closed","ping_status":"open","sticky":false,"template":"","format":"standard","meta":{"tdm_status":"","tdm_grid_status":"","footnotes":""},"categories":[13],"tags":[3614,58,91],"class_list":{"0":"post-11682","1":"post","2":"type-post","3":"status-publish","4":"format-standard","5":"has-post-thumbnail","7":"category-region","8":"tag-operativo-fiestas","9":"tag-san-lorenzo","10":"tag-seguridad"},"_links":{"self":[{"href":"https:\/\/www.noticiasmas.com.ar\/index.php\/wp-json\/wp\/v2\/posts\/11682","targetHints":{"allow":["GET"]}}],"collection":[{"href":"https:\/\/www.noticiasmas.com.ar\/index.php\/wp-json\/wp\/v2\/posts"}],"about":[{"href":"https:\/\/www.noticiasmas.com.ar\/index.php\/wp-json\/wp\/v2\/types\/post"}],"author":[{"embeddable":true,"href":"https:\/\/www.noticiasmas.com.ar\/index.php\/wp-json\/wp\/v2\/users\/3"}],"replies":[{"embeddable":true,"href":"https:\/\/www.noticiasmas.com.ar\/index.php\/wp-json\/wp\/v2\/comments?post=11682"}],"version-history":[{"count":1,"href":"https:\/\/www.noticiasmas.com.ar\/index.php\/wp-json\/wp\/v2\/posts\/11682\/revisions"}],"predecessor-version":[{"id":11684,"href":"https:\/\/www.noticiasmas.com.ar\/index.php\/wp-json\/wp\/v2\/posts\/11682\/revisions\/11684"}],"wp:featuredmedia":[{"embeddable":true,"href":"https:\/\/www.noticiasmas.com.ar\/index.php\/wp-json\/wp\/v2\/media\/11683"}],"wp:attachment":[{"href":"https:\/\/www.noticiasmas.com.ar\/index.php\/wp-json\/wp\/v2\/media?parent=11682"}],"wp:term":[{"taxonomy":"category","embeddable":true,"href":"https:\/\/www.noticiasmas.com.ar\/index.php\/wp-json\/wp\/v2\/categories?post=11682"},{"taxonomy":"post_tag","embeddable":true,"href":"https:\/\/www.noticiasmas.com.ar\/index.php\/wp-json\/wp\/v2\/tags?post=11682"}],"curies":[{"name":"wp","href":"https:\/\/api.w.org\/{rel}","templated":true}]}}