{"id":11737,"date":"2024-12-23T16:05:35","date_gmt":"2024-12-23T19:05:35","guid":{"rendered":"https:\/\/www.noticiasmas.com.ar\/?p=11737"},"modified":"2024-12-23T16:05:37","modified_gmt":"2024-12-23T19:05:37","slug":"la-produccion-pyme-cayo-un-37-interanual-en-noviembre","status":"publish","type":"post","link":"https:\/\/www.noticiasmas.com.ar\/index.php\/2024\/12\/23\/la-produccion-pyme-cayo-un-37-interanual-en-noviembre\/","title":{"rendered":"La producci\u00f3n pyme cay\u00f3 un 3,7% interanual en noviembre"},"content":{"rendered":"\n<p>En un nuevo informe presentado por la Confederaci\u00f3n Argentina de la Mediana Empresa (CAME), se revel\u00f3 que la actividad industrial de las peque\u00f1as y medianas empresas (pymes) experiment\u00f3 una ca\u00edda del 3,7% durante noviembre, en comparaci\u00f3n con el mismo mes del a\u00f1o anterior. Este descenso se suma a un panorama de desaceleraci\u00f3n productiva que preocupa a diversos sectores econ\u00f3micos.<\/p>\n\n\n\n<p>El informe destaca que, a pesar de la baja interanual, el nivel de actividad mantuvo cierta estabilidad respecto a octubre, mostrando una leve suba del 0,1%. En los primeros once meses del a\u00f1o, la industria pyme acumul\u00f3 un crecimiento del 0,9% frente al mismo per\u00edodo del a\u00f1o pasado, lo que refleja un desempe\u00f1o irregular marcado por fluctuaciones constantes de la econom\u00eda nacional.<\/p>\n\n\n\n<p>Entre los sectores evaluados, cinco de los once analizados registraron ca\u00eddas interanuales en sus niveles de producci\u00f3n. El segmento m\u00e1s afectado fue el de \u201cproductos de metal, maquinaria y equipo\u201d, que sufri\u00f3 una contracci\u00f3n del 11,4%. En contraposici\u00f3n, \u201cmaterial de transporte\u201d lider\u00f3 los desempe\u00f1os positivos con un aumento del 5,6% interanual.<\/p>\n\n\n\n<p>Uno de los factores destacados por los empresarios consultados es el impacto de la incertidumbre econ\u00f3mica y pol\u00edtica en la demanda interna. Aunque algunos sectores lograron adaptarse a las condiciones adversas, la falta de previsibilidad en las pol\u00edticas econ\u00f3micas sigue siendo un obst\u00e1culo importante para la planificaci\u00f3n y el crecimiento sostenible.<\/p>\n\n\n\n<p>En cuanto a la capacidad instalada, se observ\u00f3 un uso promedio del 72,3%, con variaciones significativas entre los diferentes sectores. Este indicador, si bien muestra una utilizaci\u00f3n considerable de los recursos productivos, tambi\u00e9n refleja la existencia de margen ocioso que podr\u00eda aprovecharse en un contexto m\u00e1s favorable.<\/p>\n\n\n\n<p>El informe de CAME tambi\u00e9n subraya que, para muchas pymes, el sostenimiento de la actividad se est\u00e1 logrando gracias a esfuerzos internos, como la optimizaci\u00f3n de procesos y la contenci\u00f3n de costos. Sin embargo, estos esfuerzos no son suficientes para revertir la tendencia negativa sin un respaldo de pol\u00edticas macroecon\u00f3micas claras y efectivas.<\/p>\n","protected":false},"excerpt":{"rendered":"<p>En un nuevo informe presentado por la Confederaci\u00f3n Argentina de la Mediana Empresa (CAME), se revel\u00f3 que la actividad industrial de las peque\u00f1as y medianas empresas (pymes) experiment\u00f3 una ca\u00edda del 3,7% durante noviembre, en comparaci\u00f3n con el mismo mes del a\u00f1o anterior. Este descenso se suma a un panorama de desaceleraci\u00f3n productiva que preocupa [&hellip;]<\/p>\n","protected":false},"author":9,"featured_media":11738,"comment_status":"closed","ping_status":"open","sticky":false,"template":"","format":"standard","meta":{"tdm_status":"","tdm_grid_status":"","footnotes":""},"categories":[2],"tags":[423,104,218,3626],"class_list":{"0":"post-11737","1":"post","2":"type-post","3":"status-publish","4":"format-standard","5":"has-post-thumbnail","7":"category-economia","8":"tag-came","9":"tag-economia","10":"tag-nacionales","11":"tag-pyme"},"_links":{"self":[{"href":"https:\/\/www.noticiasmas.com.ar\/index.php\/wp-json\/wp\/v2\/posts\/11737","targetHints":{"allow":["GET"]}}],"collection":[{"href":"https:\/\/www.noticiasmas.com.ar\/index.php\/wp-json\/wp\/v2\/posts"}],"about":[{"href":"https:\/\/www.noticiasmas.com.ar\/index.php\/wp-json\/wp\/v2\/types\/post"}],"author":[{"embeddable":true,"href":"https:\/\/www.noticiasmas.com.ar\/index.php\/wp-json\/wp\/v2\/users\/9"}],"replies":[{"embeddable":true,"href":"https:\/\/www.noticiasmas.com.ar\/index.php\/wp-json\/wp\/v2\/comments?post=11737"}],"version-history":[{"count":1,"href":"https:\/\/www.noticiasmas.com.ar\/index.php\/wp-json\/wp\/v2\/posts\/11737\/revisions"}],"predecessor-version":[{"id":11739,"href":"https:\/\/www.noticiasmas.com.ar\/index.php\/wp-json\/wp\/v2\/posts\/11737\/revisions\/11739"}],"wp:featuredmedia":[{"embeddable":true,"href":"https:\/\/www.noticiasmas.com.ar\/index.php\/wp-json\/wp\/v2\/media\/11738"}],"wp:attachment":[{"href":"https:\/\/www.noticiasmas.com.ar\/index.php\/wp-json\/wp\/v2\/media?parent=11737"}],"wp:term":[{"taxonomy":"category","embeddable":true,"href":"https:\/\/www.noticiasmas.com.ar\/index.php\/wp-json\/wp\/v2\/categories?post=11737"},{"taxonomy":"post_tag","embeddable":true,"href":"https:\/\/www.noticiasmas.com.ar\/index.php\/wp-json\/wp\/v2\/tags?post=11737"}],"curies":[{"name":"wp","href":"https:\/\/api.w.org\/{rel}","templated":true}]}}