{"id":12042,"date":"2025-01-06T21:51:29","date_gmt":"2025-01-07T00:51:29","guid":{"rendered":"https:\/\/www.noticiasmas.com.ar\/?p=12042"},"modified":"2025-01-06T21:51:32","modified_gmt":"2025-01-07T00:51:32","slug":"el-pdp-recordo-a-lisandro-de-la-torre-a-86-anos-de-su-fallecimiento","status":"publish","type":"post","link":"https:\/\/www.noticiasmas.com.ar\/index.php\/2025\/01\/06\/el-pdp-recordo-a-lisandro-de-la-torre-a-86-anos-de-su-fallecimiento\/","title":{"rendered":"EL PDP RECORD\u00d3 A LISANDRO DE LA TORRE A 86 A\u00d1OS DE SU FALLECIMIENTO"},"content":{"rendered":"\n<p>El Partido Dem\u00f3crata Progresista (PDP) record\u00f3 a su creador , Lisandro de la Torre, a 86 a\u00f1os de su fallecimiento. Fue y es el referente m\u00e1ximo del partido centenario. \u201cUn visionario en la pol\u00edtica nacional por dar discusiones adelantadas en su \u00e9poca, impulsando de manera notable la idea de una Naci\u00f3n progresista y respetuosa de las instituciones, que no vea en la honestidad una excepci\u00f3n sino una regla para conducir los destinos del pa\u00eds\u201d, indicaron desde el PDP santa Fe.<\/p>\n\n\n\n<p>\u201cLo recordamos con orgullo y sabemos que su legado es una herramienta fundamental en la construcci\u00f3n de una sociedad m\u00e1s justa\u201d, agregaron<\/p>\n\n\n\n<p>Lisandro de la Torre fue uno de los pol\u00edticos m\u00e1s sobresalientes que tuvo la historia argentina del siglo XX. Siendo uno de los senadores m\u00e1s activos en el Congreso, se anim\u00f3 a denunciar hechos de corrupci\u00f3n del poder del turno que le costar\u00edan mucho m\u00e1s que su reputaci\u00f3n.<\/p>\n\n\n\n<p>De la Torre naci\u00f3 el 6 de diciembre de 1868 en Rosario. Particip\u00f3 de las Revoluciones del Parque en 1890 y 1893 y fue parte de la creaci\u00f3n de la Uni\u00f3n C\u00edvica Radical en 1891 que integr\u00f3 Leandro Alem y Arist\u00f3bulo del Valle. Pronto se volvi\u00f3 un referente de dicho partido en su provincia, pero sus diferencias con Hip\u00f3lito Yrigoyen eran insalvables y termin\u00f3 renunciando<\/p>\n\n\n\n<p>Decidi\u00f3 cear un nuevo partido pol\u00edtico, la Liga del Sur que reun\u00eda la burgues\u00eda rural y comercial de Rosario con el sur de Santa Fe. Recibi\u00f3 un gran apoyo de inmigrantes y peque\u00f1os productores que lo llevaron a ser electo como diputado en 1912. Dos a\u00f1os despu\u00e9s -en 1914- se conform\u00f3 el Partido Dem\u00f3crata Progresista que lo tuvo como presidente<\/p>\n\n\n\n<p>El 1 de mayo de 1933 el gobierno de facto del Presidente Agust\u00edn P. Justo firm\u00f3 el pacto Roca-Runciman donde establec\u00edan que el 85% de las exportaciones argentinas de carne se har\u00edan a trav\u00e9s de frigor\u00edficos ingleses y el 15% restante para los argentinos. El entonces senador De la Torre impuls\u00f3 una comisi\u00f3n investigadora que revelar\u00eda la trama secreta de corrupci\u00f3n que inclu\u00eda a los frigor\u00edficos Amou, anglo y Swifty a los ministros de Hacienda, Federico Pinedo, y Luis Duhau, de Agricultura. Su investigaci\u00f3n demostr\u00f3 que los frigor\u00edficos no pagaban impuestos, no era inspeccionados y documentaci\u00f3n<\/p>\n\n\n\n<p>que expon\u00eda a los miembros del poder hab\u00eda sido escondida en un barco.<\/p>\n\n\n\n<p>Su fallecimiento fue el 5 de enero de 1939 en su escritorio.<\/p>\n","protected":false},"excerpt":{"rendered":"<p>El Partido Dem\u00f3crata Progresista (PDP) record\u00f3 a su creador , Lisandro de la Torre, a 86 a\u00f1os de su fallecimiento. Fue y es el referente m\u00e1ximo del partido centenario. \u201cUn visionario en la pol\u00edtica nacional por dar discusiones adelantadas en su \u00e9poca, impulsando de manera notable la idea de una Naci\u00f3n progresista y respetuosa de [&hellip;]<\/p>\n","protected":false},"author":5,"featured_media":12043,"comment_status":"closed","ping_status":"open","sticky":false,"template":"","format":"standard","meta":{"tdm_status":"","tdm_grid_status":"","footnotes":""},"categories":[14],"tags":[3700,3701,3699,3698,18],"class_list":{"0":"post-12042","1":"post","2":"type-post","3":"status-publish","4":"format-standard","5":"has-post-thumbnail","7":"category-provinciales","8":"tag-86-anos","9":"tag-fallecimiento","10":"tag-lisandro-de-la-torre","11":"tag-partido-democrata-progresista","12":"tag-santa-fe"},"_links":{"self":[{"href":"https:\/\/www.noticiasmas.com.ar\/index.php\/wp-json\/wp\/v2\/posts\/12042","targetHints":{"allow":["GET"]}}],"collection":[{"href":"https:\/\/www.noticiasmas.com.ar\/index.php\/wp-json\/wp\/v2\/posts"}],"about":[{"href":"https:\/\/www.noticiasmas.com.ar\/index.php\/wp-json\/wp\/v2\/types\/post"}],"author":[{"embeddable":true,"href":"https:\/\/www.noticiasmas.com.ar\/index.php\/wp-json\/wp\/v2\/users\/5"}],"replies":[{"embeddable":true,"href":"https:\/\/www.noticiasmas.com.ar\/index.php\/wp-json\/wp\/v2\/comments?post=12042"}],"version-history":[{"count":1,"href":"https:\/\/www.noticiasmas.com.ar\/index.php\/wp-json\/wp\/v2\/posts\/12042\/revisions"}],"predecessor-version":[{"id":12044,"href":"https:\/\/www.noticiasmas.com.ar\/index.php\/wp-json\/wp\/v2\/posts\/12042\/revisions\/12044"}],"wp:featuredmedia":[{"embeddable":true,"href":"https:\/\/www.noticiasmas.com.ar\/index.php\/wp-json\/wp\/v2\/media\/12043"}],"wp:attachment":[{"href":"https:\/\/www.noticiasmas.com.ar\/index.php\/wp-json\/wp\/v2\/media?parent=12042"}],"wp:term":[{"taxonomy":"category","embeddable":true,"href":"https:\/\/www.noticiasmas.com.ar\/index.php\/wp-json\/wp\/v2\/categories?post=12042"},{"taxonomy":"post_tag","embeddable":true,"href":"https:\/\/www.noticiasmas.com.ar\/index.php\/wp-json\/wp\/v2\/tags?post=12042"}],"curies":[{"name":"wp","href":"https:\/\/api.w.org\/{rel}","templated":true}]}}