{"id":12054,"date":"2025-01-07T13:10:55","date_gmt":"2025-01-07T16:10:55","guid":{"rendered":"https:\/\/www.noticiasmas.com.ar\/?p=12054"},"modified":"2025-01-07T13:10:57","modified_gmt":"2025-01-07T16:10:57","slug":"el-gremio-de-choferes-de-punta-con-movi-taxi-por-la-bonificacion-del-20-por-ciento-en-la-tarifa-en-enero","status":"publish","type":"post","link":"https:\/\/www.noticiasmas.com.ar\/index.php\/2025\/01\/07\/el-gremio-de-choferes-de-punta-con-movi-taxi-por-la-bonificacion-del-20-por-ciento-en-la-tarifa-en-enero\/","title":{"rendered":"EL GREMIO DE CHOFERES DE PUNTA CON MOVI TAXI POR LA BONIFICACI\u00d3N DEL 20 POR CIENTO EN LA TARIFA EN ENERO"},"content":{"rendered":"\n<p>Movi Taxi lanz\u00f3 un descuento del 20% para los viajes en Rosario. La oferta regir\u00e1 durante el mes de enero y en cualquier momento del d\u00eda. La decisi\u00f3n desencaden\u00f3 el rechazo del Gremio de Peones de Taxis SPT.<\/p>\n\n\n\n<p>\u201cRealmente estamos sorprendidos con la decisi\u00f3n de esta empresa porque el esp\u00edritu con que se hizo la ordenanza con respecto a la tarifa oscilante no es ese\u201d, comenz\u00f3 diciendo Horacio Yannotti, Secretario General del SPT<\/p>\n\n\n\n<p>En tal sentido, el dirigente gremial ampli\u00f3 el concepto recordando que, \u201clos titulares de taxis que hace 10 d\u00edas atr\u00e1s pidieron una actualizaci\u00f3n de tarifa de un 20 por ciento y ahora resulta que el empresario de Movi Taxi dispone inconsultamente de bajar la tarifa, parece una cosa sumamente absurda y el municipio deber\u00eda tomar medidas\u201d, lanz\u00f3<\/p>\n\n\n\n<p>A rengl\u00f3n seguido Yannotti explic\u00f3 que, La tarifa oscilante \u201ces por oferta y demanda en determinado horario del d\u00eda, en madrugada cuando hay mucha salida de gente de los boliches que no consiguen taxi, con ese criterio se adopt\u00f3\u201d, reiter\u00f3<\/p>\n\n\n\n<p>BONIFICACI\u00d3N<\/p>\n\n\n\n<p>Sin caer en una contradicci\u00f3n, el Secretario General del SPT aclar\u00f3 que, \u201ccomo organizaci\u00f3n sindical no estamos en desacuerdo que se pueda hacer una bonificaci\u00f3n\u201d, y agreg\u00f3: \u201cQue no que la pague el chofer o titular de taxi, que se haga cargo la empresa que es la que decidi\u00f3 bajar la tarifa\u201d,<\/p>\n\n\n\n<p>\u201cYo insto a titulares y choferes de taxis \u2013 continu\u00f3 Yannotti &#8211; que cuando vayan a pagar religiosamente como se paga todos los meses o todas las semanas a calle Pueyrred\u00f3n que le descuenten el 20 por ciento de lo que tienen que pagar. Hoy los titulares y choferes que pagan servicio, pagan 100 mil pesos por mes y con los costos operativos que tiene la actividad\u201d, arremeti\u00f3 el dirigente gremial y en ese orden, volvi\u00f3 a cuestionar a apps ilegales como Didi y Uber que \u201csiguen trabajando clandestinamente\u201d<\/p>\n","protected":false},"excerpt":{"rendered":"<p>Movi Taxi lanz\u00f3 un descuento del 20% para los viajes en Rosario. La oferta regir\u00e1 durante el mes de enero y en cualquier momento del d\u00eda. La decisi\u00f3n desencaden\u00f3 el rechazo del Gremio de Peones de Taxis SPT. \u201cRealmente estamos sorprendidos con la decisi\u00f3n de esta empresa porque el esp\u00edritu con que se hizo la [&hellip;]<\/p>\n","protected":false},"author":5,"featured_media":12055,"comment_status":"closed","ping_status":"open","sticky":false,"template":"","format":"standard","meta":{"tdm_status":"","tdm_grid_status":"","footnotes":""},"categories":[13],"tags":[723,163,3702,315],"class_list":{"0":"post-12054","1":"post","2":"type-post","3":"status-publish","4":"format-standard","5":"has-post-thumbnail","7":"category-region","8":"tag-descuentos","9":"tag-rosario","10":"tag-sindicato-peones-de-taxis","11":"tag-taxis"},"_links":{"self":[{"href":"https:\/\/www.noticiasmas.com.ar\/index.php\/wp-json\/wp\/v2\/posts\/12054","targetHints":{"allow":["GET"]}}],"collection":[{"href":"https:\/\/www.noticiasmas.com.ar\/index.php\/wp-json\/wp\/v2\/posts"}],"about":[{"href":"https:\/\/www.noticiasmas.com.ar\/index.php\/wp-json\/wp\/v2\/types\/post"}],"author":[{"embeddable":true,"href":"https:\/\/www.noticiasmas.com.ar\/index.php\/wp-json\/wp\/v2\/users\/5"}],"replies":[{"embeddable":true,"href":"https:\/\/www.noticiasmas.com.ar\/index.php\/wp-json\/wp\/v2\/comments?post=12054"}],"version-history":[{"count":1,"href":"https:\/\/www.noticiasmas.com.ar\/index.php\/wp-json\/wp\/v2\/posts\/12054\/revisions"}],"predecessor-version":[{"id":12056,"href":"https:\/\/www.noticiasmas.com.ar\/index.php\/wp-json\/wp\/v2\/posts\/12054\/revisions\/12056"}],"wp:featuredmedia":[{"embeddable":true,"href":"https:\/\/www.noticiasmas.com.ar\/index.php\/wp-json\/wp\/v2\/media\/12055"}],"wp:attachment":[{"href":"https:\/\/www.noticiasmas.com.ar\/index.php\/wp-json\/wp\/v2\/media?parent=12054"}],"wp:term":[{"taxonomy":"category","embeddable":true,"href":"https:\/\/www.noticiasmas.com.ar\/index.php\/wp-json\/wp\/v2\/categories?post=12054"},{"taxonomy":"post_tag","embeddable":true,"href":"https:\/\/www.noticiasmas.com.ar\/index.php\/wp-json\/wp\/v2\/tags?post=12054"}],"curies":[{"name":"wp","href":"https:\/\/api.w.org\/{rel}","templated":true}]}}