{"id":12061,"date":"2025-01-07T19:14:30","date_gmt":"2025-01-07T22:14:30","guid":{"rendered":"https:\/\/www.noticiasmas.com.ar\/?p=12061"},"modified":"2025-01-07T19:14:33","modified_gmt":"2025-01-07T22:14:33","slug":"comenzo-la-primera-etapa-de-la-colonia-de-vacaciones-municipal","status":"publish","type":"post","link":"https:\/\/www.noticiasmas.com.ar\/index.php\/2025\/01\/07\/comenzo-la-primera-etapa-de-la-colonia-de-vacaciones-municipal\/","title":{"rendered":"Comenz\u00f3 la primera etapa de la Colonia de Vacaciones municipal"},"content":{"rendered":"\n<p>El servicio, gratuito e inclusivo, ofrece traslados, controles m\u00e9dicos, dos comidas y el trabajo de 50 profesionales que cuidan de los ni\u00f1os y coordinan diversas actividades. Se desarrollar\u00e1 hasta el 14 de febrero, con la participaci\u00f3n de dos grupos que integrar\u00e1n m\u00e1s de 1.400 chicos. La inscripci\u00f3n permanece abierta en las vecinales y en el Poli Municipal.<\/p>\n\n\n\n<p>Este martes comenz\u00f3 la Colonia de Vacaciones del Polideportivo Municipal, que contar\u00e1 con la participaci\u00f3n gratuita de m\u00e1s de 1.400 chicos y chicas de toda la ciudad. El intendente Leonardo Raimundo visit\u00f3 el espacio en compa\u00f1\u00eda de la secretaria de Desarrollo Social y Promoci\u00f3n Comunitaria, Ver\u00f3nica Cittadini, y del secretario de Coordinaci\u00f3n General, Alejandro Cabral.<\/p>\n\n\n\n<p>\u201cEsta es una contribuci\u00f3n que el municipio hace de forma tal que todos los chicos de la ciudad puedan disfrutar de estas hermosas instalaciones, acceder a este servicio inclusivo, con transportes desde y hacia todos los barrios de San Lorenzo\u201d, expres\u00f3 el intendente Leonardo Raimundo.<\/p>\n\n\n\n<p>Adem\u00e1s destac\u00f3 el compromiso de un gran n\u00famero de personas, como vecinalistas, profesores, guardavidas y personal de mantenimiento, que hacen posible el desarrollo de la colonia. \u201cEs un gran trabajo, mancomunado y coordinado, que tiene como objetivo final garantizar la felicidad y la seguridad de los ni\u00f1os. Los resultados est\u00e1n a la vista\u201d, concluy\u00f3 el mandatario.<\/p>\n\n\n\n<p>Durante las primeras tres semanas (del 7 al 24 de enero entre las 8 y las 12 h) asisten ni\u00f1os de los barrios Norte, Rivadavia, Las Quintas, Islas Malvinas, Moreno, D\u00edaz V\u00e9lez, Oro\u00f1o, El Pino, Alem, Escalada, Sargento Cabral, Villa Felisa, San Mart\u00edn, 1\u00ba de Julio e integran la instituci\u00f3n Anide.<\/p>\n\n\n<div class=\"wp-block-image\">\n<figure class=\"aligncenter size-full is-resized\"><img loading=\"lazy\" decoding=\"async\" width=\"1024\" height=\"682\" src=\"https:\/\/www.noticiasmas.com.ar\/wp-content\/uploads\/2025\/01\/poli_colonia.jpg\" alt=\"\" class=\"wp-image-12063\" style=\"width:776px;height:auto\" srcset=\"https:\/\/www.noticiasmas.com.ar\/wp-content\/uploads\/2025\/01\/poli_colonia.jpg 1024w, https:\/\/www.noticiasmas.com.ar\/wp-content\/uploads\/2025\/01\/poli_colonia-300x200.jpg 300w, https:\/\/www.noticiasmas.com.ar\/wp-content\/uploads\/2025\/01\/poli_colonia-768x512.jpg 768w, https:\/\/www.noticiasmas.com.ar\/wp-content\/uploads\/2025\/01\/poli_colonia-150x100.jpg 150w, https:\/\/www.noticiasmas.com.ar\/wp-content\/uploads\/2025\/01\/poli_colonia-696x464.jpg 696w\" sizes=\"auto, (max-width: 1024px) 100vw, 1024px\" \/><\/figure>\n<\/div>\n\n\n<p>En tanto que en las tres \u00faltimas (del 28 de enero al 14 de febrero entre las 8 y las 12 h) participar\u00e1n los que viven en 3 de Febrero, Mitre, Fonavi, Bouchard, Jos\u00e9 Hern\u00e1ndez, Del Combate, Capit\u00e1n Berm\u00fadez, Supe, 2 de Abril, Morando, San Eduardo, 17 de Agosto, San Mart\u00edn, 1\u00ba de Julio y forman parte de Anide.<\/p>\n\n\n\n<p>Los chicos son transportados desde las sedes barriales al Polideportivo y de regreso cuando culmina la jornada. Durante su estad\u00eda en el predio se les ofrecen dos comidas, realizan actividades l\u00fadicas y deportivas y, bajo la supervisi\u00f3n de los guardavidas municipales, disfrutan de la pileta del complejo. En total, son 50 los profesionales a cargo de su cuidado, entre profesores, docentes para chicos con discapacidad y guardavidas.<\/p>\n\n\n\n<p>Adem\u00e1s reciben controles de salud y, de ser necesario, cuentan con un servicio de acompa\u00f1amiento que brindar\u00e1 un equipo interdisciplinario.<\/p>\n\n\n\n<p>Cabe aclarar que todav\u00eda hay tiempo para inscribirse. Los interesados pueden hacerlo en las vecinales o en el propio Polideportivo Municipal (Luis Borghi y Saavedra).<\/p>\n","protected":false},"excerpt":{"rendered":"<p>El servicio, gratuito e inclusivo, ofrece traslados, controles m\u00e9dicos, dos comidas y el trabajo de 50 profesionales que cuidan de los ni\u00f1os y coordinan diversas actividades. Se desarrollar\u00e1 hasta el 14 de febrero, con la participaci\u00f3n de dos grupos que integrar\u00e1n m\u00e1s de 1.400 chicos. La inscripci\u00f3n permanece abierta en las vecinales y en el [&hellip;]<\/p>\n","protected":false},"author":3,"featured_media":12062,"comment_status":"closed","ping_status":"open","sticky":false,"template":"","format":"standard","meta":{"tdm_status":"","tdm_grid_status":"","footnotes":""},"categories":[13],"tags":[894,807,58,89],"class_list":{"0":"post-12061","1":"post","2":"type-post","3":"status-publish","4":"format-standard","5":"has-post-thumbnail","7":"category-region","8":"tag-colonia-de-verano","9":"tag-polideportivo","10":"tag-san-lorenzo","11":"tag-verano"},"_links":{"self":[{"href":"https:\/\/www.noticiasmas.com.ar\/index.php\/wp-json\/wp\/v2\/posts\/12061","targetHints":{"allow":["GET"]}}],"collection":[{"href":"https:\/\/www.noticiasmas.com.ar\/index.php\/wp-json\/wp\/v2\/posts"}],"about":[{"href":"https:\/\/www.noticiasmas.com.ar\/index.php\/wp-json\/wp\/v2\/types\/post"}],"author":[{"embeddable":true,"href":"https:\/\/www.noticiasmas.com.ar\/index.php\/wp-json\/wp\/v2\/users\/3"}],"replies":[{"embeddable":true,"href":"https:\/\/www.noticiasmas.com.ar\/index.php\/wp-json\/wp\/v2\/comments?post=12061"}],"version-history":[{"count":1,"href":"https:\/\/www.noticiasmas.com.ar\/index.php\/wp-json\/wp\/v2\/posts\/12061\/revisions"}],"predecessor-version":[{"id":12064,"href":"https:\/\/www.noticiasmas.com.ar\/index.php\/wp-json\/wp\/v2\/posts\/12061\/revisions\/12064"}],"wp:featuredmedia":[{"embeddable":true,"href":"https:\/\/www.noticiasmas.com.ar\/index.php\/wp-json\/wp\/v2\/media\/12062"}],"wp:attachment":[{"href":"https:\/\/www.noticiasmas.com.ar\/index.php\/wp-json\/wp\/v2\/media?parent=12061"}],"wp:term":[{"taxonomy":"category","embeddable":true,"href":"https:\/\/www.noticiasmas.com.ar\/index.php\/wp-json\/wp\/v2\/categories?post=12061"},{"taxonomy":"post_tag","embeddable":true,"href":"https:\/\/www.noticiasmas.com.ar\/index.php\/wp-json\/wp\/v2\/tags?post=12061"}],"curies":[{"name":"wp","href":"https:\/\/api.w.org\/{rel}","templated":true}]}}