{"id":12125,"date":"2025-01-09T14:25:56","date_gmt":"2025-01-09T17:25:56","guid":{"rendered":"https:\/\/www.noticiasmas.com.ar\/?p=12125"},"modified":"2025-01-09T14:25:59","modified_gmt":"2025-01-09T17:25:59","slug":"franco-colapinto-sigue-en-la-formula-1-como-piloto-de-reserva-de-alpine","status":"publish","type":"post","link":"https:\/\/www.noticiasmas.com.ar\/index.php\/2025\/01\/09\/franco-colapinto-sigue-en-la-formula-1-como-piloto-de-reserva-de-alpine\/","title":{"rendered":"Franco Colapinto sigue en la F\u00f3rmula 1 como piloto de reserva de Alpine"},"content":{"rendered":"\n<p>Tras varios idas y vueltas, rumores falsos y negociaciones, Franco Colapinto continuar\u00e1 el a\u00f1o pr\u00f3ximo dentro de la F\u00f3rmula 1 con un nuevo equipo durante el 2025. <\/p>\n\n\n\n<p>La escuder\u00eda francesa Alpine anunci\u00f3 este jueves la contrataci\u00f3n de Franco Colapinto como piloto de reserva en la temporada 2025, luego de que sea anunciado un contrato &#8220;multianual&#8221; con el equipo dirigido por Flavio Briatore y que tiene como pilotos titulares a Pierre Gasly y Jack Doohan. <\/p>\n\n\n\n<p>&#8220;Estoy muy emocionado de tener la oportunidad de unirme al equipo BWT Alpine. Antes que nada, quiero agradecer a Williams por todo su apoyo desde el momento en que me un\u00ed a la Academia hasta la \u00faltima carrera en Abu Dhabi. Ellos hicieron realidad mi sue\u00f1o de competir en la F\u00f3rmula Uno, y siempre estar\u00e9 agradecido por eso. Ahora es momento de un nuevo cap\u00edtulo, y asumir este desaf\u00edo con el equipo BWT Alpine de F\u00f3rmula Uno es realmente un honor&#8221;, dijo Colapinto en la nota publicada por el equipo Alpine.<\/p>\n\n\n\n<p>Colapinto deja Williams tras tres a\u00f1os dentro de la estructura de su academia de pilotos y luego del debut en la F\u00f3rmula 1 durante la temporada 2024, donde corri\u00f3 nueve carreras en la segunda mitad del campeonato, anotando 5 puntos para la escuder\u00eda inglesa.<\/p>\n\n\n\n<p>Tras los idas y vueltas con Red Bull, quienes hab\u00edan manifestado su inter\u00e9s en que se incorpore a la estructura de pilotos del equipo, y la negativa de Williams de cederlo en calidad de pr\u00e9stamos, finalmente el destino del piloto pilarense de 21 a\u00f1os de edad es el equipo franc\u00e9s. <\/p>\n\n\n\n<p>Colapinto trabajar\u00e1 como piloto de pruebas, con la posibilidad de que participe en algunas sesiones libres o en test privados. <\/p>\n\n\n\n<p>De igual modo, Briatore no confirm\u00f3 a Doohan, debutante en este 2025 y promovido desde la F\u00f3rmula 2, por el resto de la temporada: Su contrato solo le asegura cinco carreras, y tras esto quedar\u00e1 sujeto a las evaluaciones que el equipo realice. La sexta fecha ser\u00e1 en Estados Unidos, en el callejero de Miami. <\/p>\n","protected":false},"excerpt":{"rendered":"<p>Tras varios idas y vueltas, rumores falsos y negociaciones, Franco Colapinto continuar\u00e1 el a\u00f1o pr\u00f3ximo dentro de la F\u00f3rmula 1 con un nuevo equipo durante el 2025. La escuder\u00eda francesa Alpine anunci\u00f3 este jueves la contrataci\u00f3n de Franco Colapinto como piloto de reserva en la temporada 2025, luego de que sea anunciado un contrato &#8220;multianual&#8221; [&hellip;]<\/p>\n","protected":false},"author":9,"featured_media":12126,"comment_status":"closed","ping_status":"open","sticky":false,"template":"","format":"standard","meta":{"tdm_status":"","tdm_grid_status":"","footnotes":""},"categories":[10],"tags":[305,28,1642,2517],"class_list":{"0":"post-12125","1":"post","2":"type-post","3":"status-publish","4":"format-standard","5":"has-post-thumbnail","7":"category-deportes","8":"tag-automovilismo","9":"tag-deportes","10":"tag-formula-1","11":"tag-franco-colapinto"},"_links":{"self":[{"href":"https:\/\/www.noticiasmas.com.ar\/index.php\/wp-json\/wp\/v2\/posts\/12125","targetHints":{"allow":["GET"]}}],"collection":[{"href":"https:\/\/www.noticiasmas.com.ar\/index.php\/wp-json\/wp\/v2\/posts"}],"about":[{"href":"https:\/\/www.noticiasmas.com.ar\/index.php\/wp-json\/wp\/v2\/types\/post"}],"author":[{"embeddable":true,"href":"https:\/\/www.noticiasmas.com.ar\/index.php\/wp-json\/wp\/v2\/users\/9"}],"replies":[{"embeddable":true,"href":"https:\/\/www.noticiasmas.com.ar\/index.php\/wp-json\/wp\/v2\/comments?post=12125"}],"version-history":[{"count":1,"href":"https:\/\/www.noticiasmas.com.ar\/index.php\/wp-json\/wp\/v2\/posts\/12125\/revisions"}],"predecessor-version":[{"id":12127,"href":"https:\/\/www.noticiasmas.com.ar\/index.php\/wp-json\/wp\/v2\/posts\/12125\/revisions\/12127"}],"wp:featuredmedia":[{"embeddable":true,"href":"https:\/\/www.noticiasmas.com.ar\/index.php\/wp-json\/wp\/v2\/media\/12126"}],"wp:attachment":[{"href":"https:\/\/www.noticiasmas.com.ar\/index.php\/wp-json\/wp\/v2\/media?parent=12125"}],"wp:term":[{"taxonomy":"category","embeddable":true,"href":"https:\/\/www.noticiasmas.com.ar\/index.php\/wp-json\/wp\/v2\/categories?post=12125"},{"taxonomy":"post_tag","embeddable":true,"href":"https:\/\/www.noticiasmas.com.ar\/index.php\/wp-json\/wp\/v2\/tags?post=12125"}],"curies":[{"name":"wp","href":"https:\/\/api.w.org\/{rel}","templated":true}]}}