{"id":12182,"date":"2025-01-13T10:24:04","date_gmt":"2025-01-13T13:24:04","guid":{"rendered":"https:\/\/www.noticiasmas.com.ar\/?p=12182"},"modified":"2025-01-13T10:24:07","modified_gmt":"2025-01-13T13:24:07","slug":"aceiteros-realiza-un-paro-en-vicentin-por-una-deuda-en-gratificaciones-del-2024","status":"publish","type":"post","link":"https:\/\/www.noticiasmas.com.ar\/index.php\/2025\/01\/13\/aceiteros-realiza-un-paro-en-vicentin-por-una-deuda-en-gratificaciones-del-2024\/","title":{"rendered":"Aceiteros realiza un paro en Vicent\u00edn por una deuda en gratificaciones del 2024"},"content":{"rendered":"\n<p>Desde este fin de semana, los delegados del Sindicato de Obreros y Empleados Aceiteros del Departamento San Lorenzo (SOEA) realizan una medida de fuerza en las afueras de la planta de Vicent\u00edn en la ciudad de San Lorenzo, en reclamo de una deuda que mantiene la empresa con algunos trabajadores.<\/p>\n\n\n\n<p>La empresa, seg\u00fan reconocieron desde el sindicato, no abon\u00f3 el primer pago de las gratificaciones acordadas por el cierre del 2024, bonos no remunerativos que habitualmente negocian los sindicatos para los trabajadores en las \u00faltimas liquidaciones del a\u00f1o.&nbsp;<\/p>\n\n\n\n<p>\u201cCuando le falte el primer peso a los trabajadores en su salario, vamos a reclamar lo que corresponde\u201d, hab\u00eda advertido Daniel Succi, secretario general del sindicato aceitero. A finales de 2024, la empresa cerealera hab\u00eda presentado ante el Ministerio de Trabajo santafesino un \u201cproceso preventivo de crisis\u201d.&nbsp;<\/p>\n\n\n\n<p>En el marco de esta situaci\u00f3n, y ante el pedido expreso de la empresa de no pagar bonificaciones en la \u00faltima liquidaci\u00f3n del a\u00f1o, se firm\u00f3 de igual modo una gratificaci\u00f3n anual en dos partes, una a depositar el 10 de enero y una segunda a depositar el pr\u00f3ximo 10 de febrero. El viernes no se cumpli\u00f3 la primera cuota y el sindicato respondi\u00f3.&nbsp;<\/p>\n\n\n\n<p>La medida se sustenta en que se trata de un bono que se justifica en lo trabajado durante el a\u00f1o pasado. \u201cNosotros ya trabajamos el 2024\u201d, dijo uno de los trabajadores de la cerealera ubicada en la zona sur sanlorencina, una de las terminales m\u00e1s importantes del circuito productivo del Cord\u00f3n Industrial.<\/p>\n\n\n\n<p>Este lunes habr\u00e1 nuevas reuniones entre la empresa y el sindicato con el fin de destrabar el conflicto. Desde el SOEA no descartan la posibilidad de que esta pugna escale a muchas m\u00e1s terminales de la regi\u00f3n, por lo que podr\u00eda realizarse un paro \u201cgeneral\u201d en caso de que la situaci\u00f3n contin\u00fae sin arreglo.<\/p>\n","protected":false},"excerpt":{"rendered":"<p>Desde este fin de semana, los delegados del Sindicato de Obreros y Empleados Aceiteros del Departamento San Lorenzo (SOEA) realizan una medida de fuerza en las afueras de la planta de Vicent\u00edn en la ciudad de San Lorenzo, en reclamo de una deuda que mantiene la empresa con algunos trabajadores. La empresa, seg\u00fan reconocieron desde [&hellip;]<\/p>\n","protected":false},"author":9,"featured_media":12183,"comment_status":"closed","ping_status":"open","sticky":false,"template":"","format":"standard","meta":{"tdm_status":"","tdm_grid_status":"","footnotes":""},"categories":[13],"tags":[3150,228,691,58,1837],"class_list":{"0":"post-12182","1":"post","2":"type-post","3":"status-publish","4":"format-standard","5":"has-post-thumbnail","7":"category-region","8":"tag-agroexportacion","9":"tag-medida-de-fuerza","10":"tag-paro","11":"tag-san-lorenzo","12":"tag-vicentin-2"},"_links":{"self":[{"href":"https:\/\/www.noticiasmas.com.ar\/index.php\/wp-json\/wp\/v2\/posts\/12182","targetHints":{"allow":["GET"]}}],"collection":[{"href":"https:\/\/www.noticiasmas.com.ar\/index.php\/wp-json\/wp\/v2\/posts"}],"about":[{"href":"https:\/\/www.noticiasmas.com.ar\/index.php\/wp-json\/wp\/v2\/types\/post"}],"author":[{"embeddable":true,"href":"https:\/\/www.noticiasmas.com.ar\/index.php\/wp-json\/wp\/v2\/users\/9"}],"replies":[{"embeddable":true,"href":"https:\/\/www.noticiasmas.com.ar\/index.php\/wp-json\/wp\/v2\/comments?post=12182"}],"version-history":[{"count":1,"href":"https:\/\/www.noticiasmas.com.ar\/index.php\/wp-json\/wp\/v2\/posts\/12182\/revisions"}],"predecessor-version":[{"id":12184,"href":"https:\/\/www.noticiasmas.com.ar\/index.php\/wp-json\/wp\/v2\/posts\/12182\/revisions\/12184"}],"wp:featuredmedia":[{"embeddable":true,"href":"https:\/\/www.noticiasmas.com.ar\/index.php\/wp-json\/wp\/v2\/media\/12183"}],"wp:attachment":[{"href":"https:\/\/www.noticiasmas.com.ar\/index.php\/wp-json\/wp\/v2\/media?parent=12182"}],"wp:term":[{"taxonomy":"category","embeddable":true,"href":"https:\/\/www.noticiasmas.com.ar\/index.php\/wp-json\/wp\/v2\/categories?post=12182"},{"taxonomy":"post_tag","embeddable":true,"href":"https:\/\/www.noticiasmas.com.ar\/index.php\/wp-json\/wp\/v2\/tags?post=12182"}],"curies":[{"name":"wp","href":"https:\/\/api.w.org\/{rel}","templated":true}]}}