{"id":12214,"date":"2025-01-13T21:45:41","date_gmt":"2025-01-14T00:45:41","guid":{"rendered":"https:\/\/www.noticiasmas.com.ar\/?p=12214"},"modified":"2025-01-13T21:45:43","modified_gmt":"2025-01-14T00:45:43","slug":"la-uom-cerro-la-paritaria-de-los-metalurgicos-con-un-aumento-del-123-hasta-marzo","status":"publish","type":"post","link":"https:\/\/www.noticiasmas.com.ar\/index.php\/2025\/01\/13\/la-uom-cerro-la-paritaria-de-los-metalurgicos-con-un-aumento-del-123-hasta-marzo\/","title":{"rendered":"LA UOM CERR\u00d3 LA PARITARIA DE LOS METAL\u00daRGICOS CON UN AUMENTO DEL 12,3% HASTA MARZO"},"content":{"rendered":"\n<p>La Uni\u00f3n Obrera Metal\u00fargica (UOM) que a nivel nacional encabeza Abel Furlan, logr\u00f3 cerrar este lunes la paritaria de los trabajadores metal\u00fargicos con un aumento salarial del 12,3% hasta marzo, despu\u00e9s de semanas intensas de negociaci\u00f3n con las c\u00e1maras empresarias.<\/p>\n\n\n\n<p>El entendimiento abrochado por el gremio que lidera en el plano local, Antonio Donello establece un incremento escalonado, retroactivo y acumulativo, a partir del 1 de noviembre y hasta fines de marzo.<\/p>\n\n\n\n<p>Las subas se aplicar\u00e1n de manera acumulativa de la siguiente manera:<\/p>\n\n\n\n<p>5,5% en noviembre, sobre los salarios b\u00e1sicos vigentes al 31 de octubre. 2% en diciembre, sobre los salarios de noviembre. 1,8% en enero, sobre los salarios de diciembre.<\/p>\n\n\n\n<p>1,5% en febrero, sobre los salarios de enero. 1% en marzo, sobre los salarios de febrero.<\/p>\n\n\n\n<p>El acuerdo fue celebrado con las c\u00e1maras empresarias del sector metalmec\u00e1nico (ADIMRA, AFARTE, AFAC, FEDEHOGAR, CAMIMA y CAIAMA), en el marco de la denominada rama 17.<\/p>\n\n\n\n<p>Lo pactado tambi\u00e9n establece una cl\u00e1usula de revisi\u00f3n salarial que se activar\u00e1 el pr\u00f3ximo 15 de marzo, a los fines de analizar los n\u00fameros de inflaci\u00f3n y la necesidad de aplicar otras subas de sueldos.<\/p>\n\n\n\n<p>Las acta acuerdo ya fueron presentadas ante la Secretar\u00eda de Trabajo y quedaron a la espera de la homologaci\u00f3n correspondiente.<\/p>\n\n\n\n<p>En el \u00faltimo entendimiento de la actividad, la UOM hab\u00eda cerrado en agosto del a\u00f1o pasado un acuerdo cuatrimestral del 14% con car\u00e1cter retroactivo. El esquema de aumentos fue el siguiente: 4% en julio, 4% en agosto, 3% en septiembre y 3% en octubre.<\/p>\n","protected":false},"excerpt":{"rendered":"<p>La Uni\u00f3n Obrera Metal\u00fargica (UOM) que a nivel nacional encabeza Abel Furlan, logr\u00f3 cerrar este lunes la paritaria de los trabajadores metal\u00fargicos con un aumento salarial del 12,3% hasta marzo, despu\u00e9s de semanas intensas de negociaci\u00f3n con las c\u00e1maras empresarias. El entendimiento abrochado por el gremio que lidera en el plano local, Antonio Donello establece [&hellip;]<\/p>\n","protected":false},"author":5,"featured_media":12215,"comment_status":"closed","ping_status":"open","sticky":false,"template":"","format":"standard","meta":{"tdm_status":"","tdm_grid_status":"","footnotes":""},"categories":[1],"tags":[3750,1057,1365,1780],"class_list":{"0":"post-12214","1":"post","2":"type-post","3":"status-publish","4":"format-standard","5":"has-post-thumbnail","7":"category-nacionales","8":"tag-12-3","9":"tag-acuerdo","10":"tag-paritaria","11":"tag-uom"},"_links":{"self":[{"href":"https:\/\/www.noticiasmas.com.ar\/index.php\/wp-json\/wp\/v2\/posts\/12214","targetHints":{"allow":["GET"]}}],"collection":[{"href":"https:\/\/www.noticiasmas.com.ar\/index.php\/wp-json\/wp\/v2\/posts"}],"about":[{"href":"https:\/\/www.noticiasmas.com.ar\/index.php\/wp-json\/wp\/v2\/types\/post"}],"author":[{"embeddable":true,"href":"https:\/\/www.noticiasmas.com.ar\/index.php\/wp-json\/wp\/v2\/users\/5"}],"replies":[{"embeddable":true,"href":"https:\/\/www.noticiasmas.com.ar\/index.php\/wp-json\/wp\/v2\/comments?post=12214"}],"version-history":[{"count":1,"href":"https:\/\/www.noticiasmas.com.ar\/index.php\/wp-json\/wp\/v2\/posts\/12214\/revisions"}],"predecessor-version":[{"id":12216,"href":"https:\/\/www.noticiasmas.com.ar\/index.php\/wp-json\/wp\/v2\/posts\/12214\/revisions\/12216"}],"wp:featuredmedia":[{"embeddable":true,"href":"https:\/\/www.noticiasmas.com.ar\/index.php\/wp-json\/wp\/v2\/media\/12215"}],"wp:attachment":[{"href":"https:\/\/www.noticiasmas.com.ar\/index.php\/wp-json\/wp\/v2\/media?parent=12214"}],"wp:term":[{"taxonomy":"category","embeddable":true,"href":"https:\/\/www.noticiasmas.com.ar\/index.php\/wp-json\/wp\/v2\/categories?post=12214"},{"taxonomy":"post_tag","embeddable":true,"href":"https:\/\/www.noticiasmas.com.ar\/index.php\/wp-json\/wp\/v2\/tags?post=12214"}],"curies":[{"name":"wp","href":"https:\/\/api.w.org\/{rel}","templated":true}]}}