{"id":12241,"date":"2025-01-14T14:14:09","date_gmt":"2025-01-14T17:14:09","guid":{"rendered":"https:\/\/www.noticiasmas.com.ar\/?p=12241"},"modified":"2025-01-14T14:14:12","modified_gmt":"2025-01-14T17:14:12","slug":"vicentin-crece-el-conflicto-de-aceiteros-y-el-paro-se-extiende-a-otra-empresa","status":"publish","type":"post","link":"https:\/\/www.noticiasmas.com.ar\/index.php\/2025\/01\/14\/vicentin-crece-el-conflicto-de-aceiteros-y-el-paro-se-extiende-a-otra-empresa\/","title":{"rendered":"Vicentin: CRECE EL CONFLICTO DE ACEITEROS Y EL PARO SE EXTIENDE A OTRA EMPRESA"},"content":{"rendered":"\n<p>Los trabajadores de las plantas de Vicentin cumplen el cuarto d\u00eda de paro. La empresa ofreci\u00f3 pagar el bono de gratificaci\u00f3n anual en dos cuotas luego de no haberlo abonado, pero el gremio rechaz\u00f3 la propuesta.<\/p>\n\n\n\n<p>Adem\u00e1s, se ampli\u00f3 la medida en Explora, que tampoco pag\u00f3 el bono correspondiente, lo que llev\u00f3 a la paralizaci\u00f3n total de las tareas.<\/p>\n\n\n\n<p>Concretamente, El Sindicato de Obreros y Empleados Aceiteros (SOEA) de San Lorenzo confirm\u00f3 la continuidad del paro de actividades en la planta de la empresa Vicentin por falta de pago del bono anual acordado en paritarias.<\/p>\n\n\n\n<p>Adem\u00e1s, el gremio que conduce Daniel Succi extendi\u00f3 las medidas de fuerza a la empresa fabricante de biodiesel Explora que tampoco hizo efectiva la gratificaci\u00f3n extraordinaria a los empleados aceiteros.<\/p>\n\n\n\n<p>Ayer (lunes) , propiciada por el gobierno de Santa Fe, el sindicato y los representantes de las empresas Vicentin SACI y Renopack SA mantuvieron una mesa de di\u00e1logo aunque no se logr\u00f3 arribar a un acuerdo.<\/p>\n\n\n\n<p>Vicentin ofreci\u00f3 pagar el bono en dos cuotas (21 de enero y 5 de febrero), pero la propuesta fue rechazada por la parte sindical.<\/p>\n\n\n\n<p>EXPLORA<\/p>\n\n\n\n<p>Al conflicto se sum\u00f3 Explora SA que en \u00abuna actitud caprichosa, sin sentido y con la \u00fanica y exclusiva finalidad de perjudicar al conjunto de los trabajadores\u00bb tampoco abono el 10 de enero la primera cuota de la gratificaci\u00f3n anual extraordinaria\u00bb.<\/p>\n\n\n\n<p>As\u00ed las cosas, los trabajadores afrontan otra jornada de paro de actividad en un conflicto que podr\u00eda escalar y extenderse a otras plantas y empresas del sector de todo el cord\u00f3n industrial del Gran Rosario.<\/p>\n","protected":false},"excerpt":{"rendered":"<p>Los trabajadores de las plantas de Vicentin cumplen el cuarto d\u00eda de paro. La empresa ofreci\u00f3 pagar el bono de gratificaci\u00f3n anual en dos cuotas luego de no haberlo abonado, pero el gremio rechaz\u00f3 la propuesta. Adem\u00e1s, se ampli\u00f3 la medida en Explora, que tampoco pag\u00f3 el bono correspondiente, lo que llev\u00f3 a la paralizaci\u00f3n [&hellip;]<\/p>\n","protected":false},"author":5,"featured_media":12242,"comment_status":"closed","ping_status":"open","sticky":false,"template":"","format":"standard","meta":{"tdm_status":"","tdm_grid_status":"","footnotes":""},"categories":[13],"tags":[2838,3756,52,1837],"class_list":{"0":"post-12241","1":"post","2":"type-post","3":"status-publish","4":"format-standard","5":"has-post-thumbnail","7":"category-region","8":"tag-conflicto-aceitero","9":"tag-explora","10":"tag-puerto-san-martin","11":"tag-vicentin-2"},"_links":{"self":[{"href":"https:\/\/www.noticiasmas.com.ar\/index.php\/wp-json\/wp\/v2\/posts\/12241","targetHints":{"allow":["GET"]}}],"collection":[{"href":"https:\/\/www.noticiasmas.com.ar\/index.php\/wp-json\/wp\/v2\/posts"}],"about":[{"href":"https:\/\/www.noticiasmas.com.ar\/index.php\/wp-json\/wp\/v2\/types\/post"}],"author":[{"embeddable":true,"href":"https:\/\/www.noticiasmas.com.ar\/index.php\/wp-json\/wp\/v2\/users\/5"}],"replies":[{"embeddable":true,"href":"https:\/\/www.noticiasmas.com.ar\/index.php\/wp-json\/wp\/v2\/comments?post=12241"}],"version-history":[{"count":1,"href":"https:\/\/www.noticiasmas.com.ar\/index.php\/wp-json\/wp\/v2\/posts\/12241\/revisions"}],"predecessor-version":[{"id":12243,"href":"https:\/\/www.noticiasmas.com.ar\/index.php\/wp-json\/wp\/v2\/posts\/12241\/revisions\/12243"}],"wp:featuredmedia":[{"embeddable":true,"href":"https:\/\/www.noticiasmas.com.ar\/index.php\/wp-json\/wp\/v2\/media\/12242"}],"wp:attachment":[{"href":"https:\/\/www.noticiasmas.com.ar\/index.php\/wp-json\/wp\/v2\/media?parent=12241"}],"wp:term":[{"taxonomy":"category","embeddable":true,"href":"https:\/\/www.noticiasmas.com.ar\/index.php\/wp-json\/wp\/v2\/categories?post=12241"},{"taxonomy":"post_tag","embeddable":true,"href":"https:\/\/www.noticiasmas.com.ar\/index.php\/wp-json\/wp\/v2\/tags?post=12241"}],"curies":[{"name":"wp","href":"https:\/\/api.w.org\/{rel}","templated":true}]}}