{"id":12274,"date":"2025-01-16T08:28:29","date_gmt":"2025-01-16T11:28:29","guid":{"rendered":"https:\/\/www.noticiasmas.com.ar\/?p=12274"},"modified":"2025-01-16T08:32:07","modified_gmt":"2025-01-16T11:32:07","slug":"el-aumento-en-el-precio-de-los-alquileres-fue-del-253-segun-el-indec","status":"publish","type":"post","link":"https:\/\/www.noticiasmas.com.ar\/index.php\/2025\/01\/16\/el-aumento-en-el-precio-de-los-alquileres-fue-del-253-segun-el-indec\/","title":{"rendered":"El aumento en el precio de los alquileres fue del 253% seg\u00fan el INDEC"},"content":{"rendered":"\n<p>En el \u00faltimo informe del Instituto Nacional de Estad\u00edstica y Censos, en donde se confirm\u00f3 que la inflaci\u00f3n del 2024 fue del 117,8%, tambi\u00e9n se vislumbr\u00f3 una realidad completamente inequitativa en cuanto al precio de los alquileres, el cual tuvo un incremento durante el a\u00f1o que pas\u00f3 del 253% en la regi\u00f3n pampeana.<\/p>\n\n\n\n<p>Junto a los servicios de electricidad, gas y combustibles, que registraron un aumento anual del 389%, y el transporte p\u00fablico, con un incremento del 273,8%, fueron los tres indicadores que m\u00e1s subas tuvieron a lo largo del a\u00f1o, las tres duplicando y triplicando la cifra general.<\/p>\n\n\n\n<p>Es que estas categor\u00edas son las que componen los gastos m\u00e1s elevados y que m\u00e1s aumentos desproporcionados tuvieron a lo largo del a\u00f1o. Tambi\u00e9n podr\u00eda sumarse los servicios de prepagas, los cuales tuvieron un acelerado incremento a principios de a\u00f1o por la desregulaci\u00f3n impulsada por el Gobierno Nacional, y que finalmente se estabilizaron tras el segundo semestre y cerraron el 2024 con un aumento total del 210%.<\/p>\n\n\n\n<p>Y se trata de gastos que componen el aumento generalizado de los precios de la clase media baja, muchas veces los indicadores del term\u00f3metro social que tienen los gobiernos y que son el foco donde medir realmente el impacto de las pol\u00edticas llevadas adelante.&nbsp;<\/p>\n\n\n\n<p>La inflaci\u00f3n baj\u00f3 un 93% y se logr\u00f3 una relativa estabilidad de los precios en l\u00edneas generales, pero los incesantes incrementos de las prepagas, el combustible que mes a mes recompone sus precios, y los servicios de energ\u00eda (en Santa Fe, agua y luz podr\u00edan aumentar un 30% en el primer cuatrimestre del 2025) siguen pegando en el bolsillo de los argentinos y las argentinas.<\/p>\n\n\n\n<p>En el subrubro alquileres de vivienda, cuyo aumento est\u00e1 un 125% por encima del \u00edndice general, el INDEC tiene en cuenta los valores que se pagan independientemente de las condiciones del contrato que se haya firmado.&nbsp;<\/p>\n\n\n\n<p>Ahora bien, esto muestra una realidad que no se condice con la estabilidad del sector que hoy intentan poner en agenda inmobiliarias y sectores afines al Gobierno Nacional, los cuales se jactan en el aumento de la oferta como indicador clave de la buena salud del sector.&nbsp;<\/p>\n\n\n\n<p>En concreto, los aumentos liberados hoy poco reflejan la inflaci\u00f3n del INDEC. Habr\u00e1 que evaluar c\u00f3mo se van desarrollando las nuevas actualizaciones en un 2025 donde la inflaci\u00f3n, seg\u00fan estima el Gobierno Nacional, ser\u00e1 apenas del 25%.<\/p>\n","protected":false},"excerpt":{"rendered":"<p>En el \u00faltimo informe del Instituto Nacional de Estad\u00edstica y Censos, en donde se confirm\u00f3 que la inflaci\u00f3n del 2024 fue del 117,8%, tambi\u00e9n se vislumbr\u00f3 una realidad completamente inequitativa en cuanto al precio de los alquileres, el cual tuvo un incremento durante el a\u00f1o que pas\u00f3 del 253% en la regi\u00f3n pampeana. Junto a [&hellip;]<\/p>\n","protected":false},"author":9,"featured_media":12277,"comment_status":"closed","ping_status":"open","sticky":false,"template":"","format":"standard","meta":{"tdm_status":"","tdm_grid_status":"","footnotes":""},"categories":[1],"tags":[1015,322,682,421],"class_list":{"0":"post-12274","1":"post","2":"type-post","3":"status-publish","4":"format-standard","5":"has-post-thumbnail","7":"category-nacionales","8":"tag-alquileres","9":"tag-indec","10":"tag-informe","11":"tag-precios"},"_links":{"self":[{"href":"https:\/\/www.noticiasmas.com.ar\/index.php\/wp-json\/wp\/v2\/posts\/12274","targetHints":{"allow":["GET"]}}],"collection":[{"href":"https:\/\/www.noticiasmas.com.ar\/index.php\/wp-json\/wp\/v2\/posts"}],"about":[{"href":"https:\/\/www.noticiasmas.com.ar\/index.php\/wp-json\/wp\/v2\/types\/post"}],"author":[{"embeddable":true,"href":"https:\/\/www.noticiasmas.com.ar\/index.php\/wp-json\/wp\/v2\/users\/9"}],"replies":[{"embeddable":true,"href":"https:\/\/www.noticiasmas.com.ar\/index.php\/wp-json\/wp\/v2\/comments?post=12274"}],"version-history":[{"count":1,"href":"https:\/\/www.noticiasmas.com.ar\/index.php\/wp-json\/wp\/v2\/posts\/12274\/revisions"}],"predecessor-version":[{"id":12276,"href":"https:\/\/www.noticiasmas.com.ar\/index.php\/wp-json\/wp\/v2\/posts\/12274\/revisions\/12276"}],"wp:featuredmedia":[{"embeddable":true,"href":"https:\/\/www.noticiasmas.com.ar\/index.php\/wp-json\/wp\/v2\/media\/12277"}],"wp:attachment":[{"href":"https:\/\/www.noticiasmas.com.ar\/index.php\/wp-json\/wp\/v2\/media?parent=12274"}],"wp:term":[{"taxonomy":"category","embeddable":true,"href":"https:\/\/www.noticiasmas.com.ar\/index.php\/wp-json\/wp\/v2\/categories?post=12274"},{"taxonomy":"post_tag","embeddable":true,"href":"https:\/\/www.noticiasmas.com.ar\/index.php\/wp-json\/wp\/v2\/tags?post=12274"}],"curies":[{"name":"wp","href":"https:\/\/api.w.org\/{rel}","templated":true}]}}