{"id":12305,"date":"2025-01-16T11:46:10","date_gmt":"2025-01-16T14:46:10","guid":{"rendered":"https:\/\/www.noticiasmas.com.ar\/?p=12305"},"modified":"2025-01-16T11:46:13","modified_gmt":"2025-01-16T14:46:13","slug":"marcelo-trivisonno-sera-el-tecnico-principal-de-las-categorias-juveniles-de-psm-futbol","status":"publish","type":"post","link":"https:\/\/www.noticiasmas.com.ar\/index.php\/2025\/01\/16\/marcelo-trivisonno-sera-el-tecnico-principal-de-las-categorias-juveniles-de-psm-futbol\/","title":{"rendered":"Marcelo Trivisonno ser\u00e1 el t\u00e9cnico principal de las categor\u00edas juveniles de PSM F\u00fatbol"},"content":{"rendered":"\n<p>El ex Rosario Central, Marcelo Trivisonno liderar\u00e1 el desarrollo de las categor\u00edas juveniles de PSM F\u00fatbol, que intenta participar por primera vez en el Torneo Regional Federal Juvenil.<\/p>\n\n\n\n<p>PSM F\u00fatbol anunci\u00f3 que Marcelo \u00c1ngel Trivisonno asumir\u00e1 como t\u00e9cnico principal de todas sus categor\u00edas juveniles, desde la sexta hasta la d\u00e9cima divisi\u00f3n, en el marco de un importante proyecto deportivo. Adem\u00e1s, el club est\u00e1 gestionando desde el a\u00f1o pasado participar por primera vez en el Torneo Regional Federal Juvenil, una competencia de alto nivel que re\u00fane a equipos destacados de todo el pa\u00eds y organizado por AFA. &nbsp;<\/p>\n\n\n\n<p>Las pruebas para conformar los planteles juveniles comenzar\u00e1n el lunes 20 de enero a las 16hs en el estadio PSM Iguaz\u00fa 954 PGSM. El objetivo es formar equipos competitivos que representen al club y a toda la regi\u00f3n en esta oportunidad. &nbsp;<\/p>\n\n\n\n<p>Trivisonno, exfutbolista y experimentado entrenador rosarino, cuenta con una destacada trayectoria. Se desempe\u00f1\u00f3 como defensor en Rosario Central, y m\u00e1s tarde dirigi\u00f3 equipos como Tiro Federal y PSM F\u00fatbol, logrando un gran desempe\u00f1o en el Torneo Federal B de 2016. Tambi\u00e9n trabaja en las divisiones inferiores de Rosario Central, consolid\u00e1ndose como un referente en la formaci\u00f3n de futbolistas. &nbsp;<\/p>\n\n\n\n<p>El Torneo Regional Federal Juvenil ser\u00e1 una importante oportunidad para los jugadores de PSM, quienes competir\u00e1n en categor\u00edas Sub-13, Sub-15 y Sub-17 contra clubes importantes y en canchas de alto nivel. Es finalmente un paso m\u00e1s en la inversi\u00f3n deportiva, formaci\u00f3n profesional del equipo de Punta Quebracho que viene desarrollando desde el a\u00f1o 2014.<\/p>\n","protected":false},"excerpt":{"rendered":"<p>El ex Rosario Central, Marcelo Trivisonno liderar\u00e1 el desarrollo de las categor\u00edas juveniles de PSM F\u00fatbol, que intenta participar por primera vez en el Torneo Regional Federal Juvenil. PSM F\u00fatbol anunci\u00f3 que Marcelo \u00c1ngel Trivisonno asumir\u00e1 como t\u00e9cnico principal de todas sus categor\u00edas juveniles, desde la sexta hasta la d\u00e9cima divisi\u00f3n, en el marco de [&hellip;]<\/p>\n","protected":false},"author":5,"featured_media":12306,"comment_status":"closed","ping_status":"open","sticky":false,"template":"","format":"standard","meta":{"tdm_status":"","tdm_grid_status":"","footnotes":""},"categories":[10],"tags":[313,3770,153,52],"class_list":{"0":"post-12305","1":"post","2":"type-post","3":"status-publish","4":"format-standard","5":"has-post-thumbnail","7":"category-deportes","8":"tag-dt","9":"tag-marcelo-trivisonno","10":"tag-psm-futbol","11":"tag-puerto-san-martin"},"_links":{"self":[{"href":"https:\/\/www.noticiasmas.com.ar\/index.php\/wp-json\/wp\/v2\/posts\/12305","targetHints":{"allow":["GET"]}}],"collection":[{"href":"https:\/\/www.noticiasmas.com.ar\/index.php\/wp-json\/wp\/v2\/posts"}],"about":[{"href":"https:\/\/www.noticiasmas.com.ar\/index.php\/wp-json\/wp\/v2\/types\/post"}],"author":[{"embeddable":true,"href":"https:\/\/www.noticiasmas.com.ar\/index.php\/wp-json\/wp\/v2\/users\/5"}],"replies":[{"embeddable":true,"href":"https:\/\/www.noticiasmas.com.ar\/index.php\/wp-json\/wp\/v2\/comments?post=12305"}],"version-history":[{"count":1,"href":"https:\/\/www.noticiasmas.com.ar\/index.php\/wp-json\/wp\/v2\/posts\/12305\/revisions"}],"predecessor-version":[{"id":12307,"href":"https:\/\/www.noticiasmas.com.ar\/index.php\/wp-json\/wp\/v2\/posts\/12305\/revisions\/12307"}],"wp:featuredmedia":[{"embeddable":true,"href":"https:\/\/www.noticiasmas.com.ar\/index.php\/wp-json\/wp\/v2\/media\/12306"}],"wp:attachment":[{"href":"https:\/\/www.noticiasmas.com.ar\/index.php\/wp-json\/wp\/v2\/media?parent=12305"}],"wp:term":[{"taxonomy":"category","embeddable":true,"href":"https:\/\/www.noticiasmas.com.ar\/index.php\/wp-json\/wp\/v2\/categories?post=12305"},{"taxonomy":"post_tag","embeddable":true,"href":"https:\/\/www.noticiasmas.com.ar\/index.php\/wp-json\/wp\/v2\/tags?post=12305"}],"curies":[{"name":"wp","href":"https:\/\/api.w.org\/{rel}","templated":true}]}}