{"id":12337,"date":"2025-01-17T12:54:22","date_gmt":"2025-01-17T15:54:22","guid":{"rendered":"https:\/\/www.noticiasmas.com.ar\/?p=12337"},"modified":"2025-01-17T12:54:25","modified_gmt":"2025-01-17T15:54:25","slug":"luego-de-la-ola-de-calor-se-esperan-lluvias-para-el-fin-de-semana","status":"publish","type":"post","link":"https:\/\/www.noticiasmas.com.ar\/index.php\/2025\/01\/17\/luego-de-la-ola-de-calor-se-esperan-lluvias-para-el-fin-de-semana\/","title":{"rendered":"Luego de la ola de calor, se esperan lluvias para el fin de semana\u00a0"},"content":{"rendered":"\n<p>El Servicio Meteorol\u00f3gico Nacional anticip\u00f3 que luego de las altas temperaturas de las \u00faltimas 48 horas, este fin de semana se esperan lluvias y tormentas que comenzar\u00e1n con las primeras horas del s\u00e1bado.<\/p>\n\n\n\n<p>Inclusive, se emiti\u00f3 una alerta amarilla por las condiciones en las cuales se desarrollar\u00e1 esta jornada lluviosa: se esperan r\u00e1fagas de vientos de hasta 60 kil\u00f3metros por hora, fuerte actividad el\u00e9ctrica y una leve posibilidad de ca\u00edda de granizo.<\/p>\n\n\n\n<p>Las estimaciones de precipitaciones dan cuenta que caer\u00e1 entre 20 a 50 mil\u00edmetros de agua en la regi\u00f3n.<\/p>\n\n\n\n<p>Por otro lado, las temperaturas comenzar\u00e1n a bajar considerablemente. Para el s\u00e1bado se esperan 31\u00b0C de m\u00e1xima y 22\u00b0C de m\u00ednima, mientras que para el domingo solo ser\u00e1n 25\u00b0C de m\u00e1xima y 20\u00b0C de m\u00ednima.&nbsp;<\/p>\n\n\n\n<p>Durante el transcurso de la semana, las temperaturas volver\u00e1n a elevarse hasta llegar a 35\u00b0C de m\u00e1xima durante mi\u00e9rcoles o jueves.<\/p>\n","protected":false},"excerpt":{"rendered":"<p>El Servicio Meteorol\u00f3gico Nacional anticip\u00f3 que luego de las altas temperaturas de las \u00faltimas 48 horas, este fin de semana se esperan lluvias y tormentas que comenzar\u00e1n con las primeras horas del s\u00e1bado. Inclusive, se emiti\u00f3 una alerta amarilla por las condiciones en las cuales se desarrollar\u00e1 esta jornada lluviosa: se esperan r\u00e1fagas de vientos [&hellip;]<\/p>\n","protected":false},"author":9,"featured_media":12338,"comment_status":"closed","ping_status":"open","sticky":false,"template":"","format":"standard","meta":{"tdm_status":"","tdm_grid_status":"","footnotes":""},"categories":[13],"tags":[138,392,955,311],"class_list":{"0":"post-12337","1":"post","2":"type-post","3":"status-publish","4":"format-standard","5":"has-post-thumbnail","7":"category-region","8":"tag-clima","9":"tag-lluvias","10":"tag-precipitaciones","11":"tag-servicio-meteorologico-nacional"},"_links":{"self":[{"href":"https:\/\/www.noticiasmas.com.ar\/index.php\/wp-json\/wp\/v2\/posts\/12337","targetHints":{"allow":["GET"]}}],"collection":[{"href":"https:\/\/www.noticiasmas.com.ar\/index.php\/wp-json\/wp\/v2\/posts"}],"about":[{"href":"https:\/\/www.noticiasmas.com.ar\/index.php\/wp-json\/wp\/v2\/types\/post"}],"author":[{"embeddable":true,"href":"https:\/\/www.noticiasmas.com.ar\/index.php\/wp-json\/wp\/v2\/users\/9"}],"replies":[{"embeddable":true,"href":"https:\/\/www.noticiasmas.com.ar\/index.php\/wp-json\/wp\/v2\/comments?post=12337"}],"version-history":[{"count":1,"href":"https:\/\/www.noticiasmas.com.ar\/index.php\/wp-json\/wp\/v2\/posts\/12337\/revisions"}],"predecessor-version":[{"id":12339,"href":"https:\/\/www.noticiasmas.com.ar\/index.php\/wp-json\/wp\/v2\/posts\/12337\/revisions\/12339"}],"wp:featuredmedia":[{"embeddable":true,"href":"https:\/\/www.noticiasmas.com.ar\/index.php\/wp-json\/wp\/v2\/media\/12338"}],"wp:attachment":[{"href":"https:\/\/www.noticiasmas.com.ar\/index.php\/wp-json\/wp\/v2\/media?parent=12337"}],"wp:term":[{"taxonomy":"category","embeddable":true,"href":"https:\/\/www.noticiasmas.com.ar\/index.php\/wp-json\/wp\/v2\/categories?post=12337"},{"taxonomy":"post_tag","embeddable":true,"href":"https:\/\/www.noticiasmas.com.ar\/index.php\/wp-json\/wp\/v2\/tags?post=12337"}],"curies":[{"name":"wp","href":"https:\/\/api.w.org\/{rel}","templated":true}]}}