{"id":12465,"date":"2025-01-23T10:11:27","date_gmt":"2025-01-23T13:11:27","guid":{"rendered":"https:\/\/www.noticiasmas.com.ar\/?p=12465"},"modified":"2025-01-23T10:11:30","modified_gmt":"2025-01-23T13:11:30","slug":"colapinto-tuvo-su-primer-dia-en-alpine-y-poso-junto-al-renault-campeon-de-fernando-alonso","status":"publish","type":"post","link":"https:\/\/www.noticiasmas.com.ar\/index.php\/2025\/01\/23\/colapinto-tuvo-su-primer-dia-en-alpine-y-poso-junto-al-renault-campeon-de-fernando-alonso\/","title":{"rendered":"Colapinto tuvo su primer d\u00eda en Alpine y pos\u00f3 junto al Renault campe\u00f3n de Fernando Alonso"},"content":{"rendered":"\n<p>El piloto argentino Franco Colapinto tuvo su primer d\u00eda de trabajo en las instalaciones del equipo Alpine de F\u00f3rmula 1 en Enstone, Inglaterra.&nbsp;<\/p>\n\n\n\n<p>Confirmado como piloto de reserva para este 2025 y con contrato por varios a\u00f1os con la escuder\u00eda hoy dirigida por Flavio Briatore, Colapinto comenz\u00f3 con su trabajo en la puesta a punto del monoplaza que conducir\u00e1n Pierre Gasly y Jack Doohan, al menos \u00e9ste \u00faltimo durante las primeras cinco carreras de la temporada.<\/p>\n\n\n\n<p>Colapinto trabajar\u00e1 tanto en los simuladores como en la puesta a punto. Su principal tarea ser\u00e1 la de intentar extraer datos e informaci\u00f3n de lo que ser\u00e1 la puesta a punto de los autos el equipo franc\u00e9s en los grandes premios, a la vez que estar\u00e1 en cada circuito durante los fines de semana de competencia, algo que estipula su contrato.&nbsp;<\/p>\n\n\n\n<p>\u201c<em>Mi rol va a ser ayudar en todo lo que pueda para llevar el equipo otra vez a lo m\u00e1s alto, y mejorar el auto en todo lo que podamos. Voy a estar atento por cualquier cosa que pase y siempre listo por si en alg\u00fan momento me tengo que subir\u201d, dijo el piloto de 21 a\u00f1os de edad.&nbsp;<\/em><\/p>\n\n\n\n<p>En las fotos de prensa, Colapinto pos\u00f3 junto al Renault R25, el auto que llev\u00f3 a Fernando Alonso a conquistar sus dos \u00fanicos t\u00edtulos de F\u00f3rmula 1 en 2005 y 2006.<\/p>\n","protected":false},"excerpt":{"rendered":"<p>El piloto argentino Franco Colapinto tuvo su primer d\u00eda de trabajo en las instalaciones del equipo Alpine de F\u00f3rmula 1 en Enstone, Inglaterra.&nbsp; Confirmado como piloto de reserva para este 2025 y con contrato por varios a\u00f1os con la escuder\u00eda hoy dirigida por Flavio Briatore, Colapinto comenz\u00f3 con su trabajo en la puesta a punto [&hellip;]<\/p>\n","protected":false},"author":9,"featured_media":12466,"comment_status":"closed","ping_status":"open","sticky":false,"template":"","format":"standard","meta":{"tdm_status":"","tdm_grid_status":"","footnotes":""},"categories":[10],"tags":[3814,3813,1642],"class_list":{"0":"post-12465","1":"post","2":"type-post","3":"status-publish","4":"format-standard","5":"has-post-thumbnail","7":"category-deportes","8":"tag-alpine","9":"tag-colapinto","10":"tag-formula-1"},"_links":{"self":[{"href":"https:\/\/www.noticiasmas.com.ar\/index.php\/wp-json\/wp\/v2\/posts\/12465","targetHints":{"allow":["GET"]}}],"collection":[{"href":"https:\/\/www.noticiasmas.com.ar\/index.php\/wp-json\/wp\/v2\/posts"}],"about":[{"href":"https:\/\/www.noticiasmas.com.ar\/index.php\/wp-json\/wp\/v2\/types\/post"}],"author":[{"embeddable":true,"href":"https:\/\/www.noticiasmas.com.ar\/index.php\/wp-json\/wp\/v2\/users\/9"}],"replies":[{"embeddable":true,"href":"https:\/\/www.noticiasmas.com.ar\/index.php\/wp-json\/wp\/v2\/comments?post=12465"}],"version-history":[{"count":1,"href":"https:\/\/www.noticiasmas.com.ar\/index.php\/wp-json\/wp\/v2\/posts\/12465\/revisions"}],"predecessor-version":[{"id":12467,"href":"https:\/\/www.noticiasmas.com.ar\/index.php\/wp-json\/wp\/v2\/posts\/12465\/revisions\/12467"}],"wp:featuredmedia":[{"embeddable":true,"href":"https:\/\/www.noticiasmas.com.ar\/index.php\/wp-json\/wp\/v2\/media\/12466"}],"wp:attachment":[{"href":"https:\/\/www.noticiasmas.com.ar\/index.php\/wp-json\/wp\/v2\/media?parent=12465"}],"wp:term":[{"taxonomy":"category","embeddable":true,"href":"https:\/\/www.noticiasmas.com.ar\/index.php\/wp-json\/wp\/v2\/categories?post=12465"},{"taxonomy":"post_tag","embeddable":true,"href":"https:\/\/www.noticiasmas.com.ar\/index.php\/wp-json\/wp\/v2\/tags?post=12465"}],"curies":[{"name":"wp","href":"https:\/\/api.w.org\/{rel}","templated":true}]}}