{"id":12476,"date":"2025-01-23T14:20:39","date_gmt":"2025-01-23T17:20:39","guid":{"rendered":"https:\/\/www.noticiasmas.com.ar\/?p=12476"},"modified":"2025-01-23T14:20:42","modified_gmt":"2025-01-23T17:20:42","slug":"desde-el-3-de-febrero-vuelve-a-estar-disponible-el-boleto-educativo-gratuito-en-santa-fe","status":"publish","type":"post","link":"https:\/\/www.noticiasmas.com.ar\/index.php\/2025\/01\/23\/desde-el-3-de-febrero-vuelve-a-estar-disponible-el-boleto-educativo-gratuito-en-santa-fe\/","title":{"rendered":"Desde el 3 de febrero vuelve a estar disponible el Boleto Educativo Gratuito en Santa Fe"},"content":{"rendered":"\n<p>Este jueves qued\u00f3 abierta la inscripci\u00f3n para acceder al beneficio del Boleto Educativo Gratuito de este 2025, el cual podr\u00e1 empezar a utilizarse de manera autom\u00e1tica desde el pr\u00f3ximo 3 de febrero. <\/p>\n\n\n\n<p>Este programa est\u00e1 destinado a estudiantes de todos los niveles, docentes y asistentes escolares que presten servicio en establecimientos educativos provinciales. Tambi\u00e9n contin\u00faa vigente para docentes de jardines particulares, incorporados en el a\u00f1o 2024. Es un requisito indispensable que el domicilio que figura en el DNI y el establecimiento al que concurra cada inscripto, est\u00e9n dentro de la provincia de Santa Fe.<\/p>\n\n\n\n<p>La inscripci\u00f3n es totalmente digital, y puede realizarse desde la p\u00e1gina web&nbsp;<a href=\"https:\/\/www.santafe.gob.ar\/boletoeducativo\/\">www.santafe.gob.ar\/boletoeducativ<\/a>o o a trav\u00e9s de la App Boleto Educativo. Quienes utilicen SUBE, una vez que su solicitud aparezca activa, deber\u00e1n esperar a que SUBE les envi\u00e9 un mail para pasar su tarjeta personalizada por una TAS (Terminal Autom\u00e1tica Sube), y a partir de ah\u00ed podr\u00e1n hacer uso del beneficio.<\/p>\n\n\n\n<p>El gobernador Maximiliano Pullaro reconoci\u00f3 que se trata de \u201cuna herramienta que es fundamental, que cambia, que transforma y que da muchos m\u00e1s derechos&#8221;, con un impacto econ\u00f3mico que supera los 54.000 millones de pesos, \u201cson muchos recursos que invierte la provincia, entendiendo que la educaci\u00f3n es un derecho para todos los estudiantes&#8221;.<\/p>\n\n\n\n<p>Durante 2024 el beneficio alcanz\u00f3 a 362.000 santafesinos. De ese total, hubo 335.000 beneficiarios del Boleto Educativo Gratuito, programa que desde el a\u00f1o de su creaci\u00f3n en el 2020 y desde su implementaci\u00f3n, ha crecido en m\u00e1s de un 82%. El 85,5% de los beneficiarios fueron estudiantes de todos los niveles, el 11,5% docentes, y el 3% correspondi\u00f3 a asistentes escolares, llegando a 6.521 establecimientos educativos; con una inversi\u00f3n de m\u00e1s de 37.000 millones.<\/p>\n\n\n\n<p>Mientras, el Boleto Educativo Rural alcanz\u00f3 a m\u00e1s de 37.000 usuarios, lo que ha representado una inversi\u00f3n de m\u00e1s de 17.900 millones de pesos, abarcando a m\u00e1s de 2.000 establecimientos educativos<\/p>\n","protected":false},"excerpt":{"rendered":"<p>Este jueves qued\u00f3 abierta la inscripci\u00f3n para acceder al beneficio del Boleto Educativo Gratuito de este 2025, el cual podr\u00e1 empezar a utilizarse de manera autom\u00e1tica desde el pr\u00f3ximo 3 de febrero. Este programa est\u00e1 destinado a estudiantes de todos los niveles, docentes y asistentes escolares que presten servicio en establecimientos educativos provinciales. Tambi\u00e9n contin\u00faa [&hellip;]<\/p>\n","protected":false},"author":9,"featured_media":12477,"comment_status":"closed","ping_status":"open","sticky":false,"template":"","format":"standard","meta":{"tdm_status":"","tdm_grid_status":"","footnotes":""},"categories":[14],"tags":[1281,149,18],"class_list":{"0":"post-12476","1":"post","2":"type-post","3":"status-publish","4":"format-standard","5":"has-post-thumbnail","7":"category-provinciales","8":"tag-boleto-educativo","9":"tag-educacion","10":"tag-santa-fe"},"_links":{"self":[{"href":"https:\/\/www.noticiasmas.com.ar\/index.php\/wp-json\/wp\/v2\/posts\/12476","targetHints":{"allow":["GET"]}}],"collection":[{"href":"https:\/\/www.noticiasmas.com.ar\/index.php\/wp-json\/wp\/v2\/posts"}],"about":[{"href":"https:\/\/www.noticiasmas.com.ar\/index.php\/wp-json\/wp\/v2\/types\/post"}],"author":[{"embeddable":true,"href":"https:\/\/www.noticiasmas.com.ar\/index.php\/wp-json\/wp\/v2\/users\/9"}],"replies":[{"embeddable":true,"href":"https:\/\/www.noticiasmas.com.ar\/index.php\/wp-json\/wp\/v2\/comments?post=12476"}],"version-history":[{"count":1,"href":"https:\/\/www.noticiasmas.com.ar\/index.php\/wp-json\/wp\/v2\/posts\/12476\/revisions"}],"predecessor-version":[{"id":12478,"href":"https:\/\/www.noticiasmas.com.ar\/index.php\/wp-json\/wp\/v2\/posts\/12476\/revisions\/12478"}],"wp:featuredmedia":[{"embeddable":true,"href":"https:\/\/www.noticiasmas.com.ar\/index.php\/wp-json\/wp\/v2\/media\/12477"}],"wp:attachment":[{"href":"https:\/\/www.noticiasmas.com.ar\/index.php\/wp-json\/wp\/v2\/media?parent=12476"}],"wp:term":[{"taxonomy":"category","embeddable":true,"href":"https:\/\/www.noticiasmas.com.ar\/index.php\/wp-json\/wp\/v2\/categories?post=12476"},{"taxonomy":"post_tag","embeddable":true,"href":"https:\/\/www.noticiasmas.com.ar\/index.php\/wp-json\/wp\/v2\/tags?post=12476"}],"curies":[{"name":"wp","href":"https:\/\/api.w.org\/{rel}","templated":true}]}}