{"id":12549,"date":"2025-01-27T10:23:48","date_gmt":"2025-01-27T13:23:48","guid":{"rendered":"https:\/\/www.noticiasmas.com.ar\/?p=12549"},"modified":"2025-01-27T10:23:50","modified_gmt":"2025-01-27T13:23:50","slug":"la-formula-1-exhibition-desembarca-en-argentina-y-llega-a-tecnopolis-en-marzo","status":"publish","type":"post","link":"https:\/\/www.noticiasmas.com.ar\/index.php\/2025\/01\/27\/la-formula-1-exhibition-desembarca-en-argentina-y-llega-a-tecnopolis-en-marzo\/","title":{"rendered":"La F\u00f3rmula 1 Exhibition desembarca en Argentina y llega a Tecn\u00f3polis en marzo"},"content":{"rendered":"\n<p>Este lunes qued\u00f3 finalmente confirmada la llegada de la F\u00f3rmula 1 Exhibition a Buenos Aires, la muestra oficial m\u00e1s importante de la categor\u00eda y que dir\u00e1 presente por primera vez en Sudam\u00e9rica.<\/p>\n\n\n\n<p>La exhibici\u00f3n se realizar\u00e1 desde el s\u00e1bado 22 de marzo en Tecn\u00f3polis. All\u00ed, se exhibir\u00e1n elementos del pasado, el presente y el futuro de la categor\u00eda m\u00e1s importante de automovilismo a nivel mundial.<\/p>\n\n\n\n<figure class=\"wp-block-image size-large\"><img loading=\"lazy\" decoding=\"async\" width=\"1024\" height=\"683\" src=\"https:\/\/www.noticiasmas.com.ar\/wp-content\/uploads\/2025\/01\/A7R01617-1402x935-1-1024x683.jpg\" alt=\"\" class=\"wp-image-12550\" srcset=\"https:\/\/www.noticiasmas.com.ar\/wp-content\/uploads\/2025\/01\/A7R01617-1402x935-1-1024x683.jpg 1024w, https:\/\/www.noticiasmas.com.ar\/wp-content\/uploads\/2025\/01\/A7R01617-1402x935-1-300x200.jpg 300w, https:\/\/www.noticiasmas.com.ar\/wp-content\/uploads\/2025\/01\/A7R01617-1402x935-1-768x512.jpg 768w, https:\/\/www.noticiasmas.com.ar\/wp-content\/uploads\/2025\/01\/A7R01617-1402x935-1-150x100.jpg 150w, https:\/\/www.noticiasmas.com.ar\/wp-content\/uploads\/2025\/01\/A7R01617-1402x935-1-696x464.jpg 696w, https:\/\/www.noticiasmas.com.ar\/wp-content\/uploads\/2025\/01\/A7R01617-1402x935-1-1068x712.jpg 1068w, https:\/\/www.noticiasmas.com.ar\/wp-content\/uploads\/2025\/01\/A7R01617-1402x935-1.jpg 1402w\" sizes=\"auto, (max-width: 1024px) 100vw, 1024px\" \/><\/figure>\n\n\n\n<p>Por ejemplo, se podr\u00e1 visualizar c\u00f3mo est\u00e1 conformado una unidad de potencia de los monoplazas actuales de la F\u00f3rmula 1, c\u00f3mo funcionan los sistemas aerodin\u00e1micos de los veh\u00edculos, y tambi\u00e9n habr\u00e1 piezas \u00fanicas de los autos o pilotos que se exhibir\u00e1n.&nbsp;<\/p>\n\n\n\n<figure class=\"wp-block-image size-large\"><img loading=\"lazy\" decoding=\"async\" width=\"1024\" height=\"678\" src=\"https:\/\/www.noticiasmas.com.ar\/wp-content\/uploads\/2025\/01\/A7R01269-1390x920-1-1024x678.jpg\" alt=\"\" class=\"wp-image-12551\" srcset=\"https:\/\/www.noticiasmas.com.ar\/wp-content\/uploads\/2025\/01\/A7R01269-1390x920-1-1024x678.jpg 1024w, https:\/\/www.noticiasmas.com.ar\/wp-content\/uploads\/2025\/01\/A7R01269-1390x920-1-300x199.jpg 300w, https:\/\/www.noticiasmas.com.ar\/wp-content\/uploads\/2025\/01\/A7R01269-1390x920-1-768x508.jpg 768w, https:\/\/www.noticiasmas.com.ar\/wp-content\/uploads\/2025\/01\/A7R01269-1390x920-1-150x99.jpg 150w, https:\/\/www.noticiasmas.com.ar\/wp-content\/uploads\/2025\/01\/A7R01269-1390x920-1-696x461.jpg 696w, https:\/\/www.noticiasmas.com.ar\/wp-content\/uploads\/2025\/01\/A7R01269-1390x920-1-1068x707.jpg 1068w, https:\/\/www.noticiasmas.com.ar\/wp-content\/uploads\/2025\/01\/A7R01269-1390x920-1.jpg 1390w\" sizes=\"auto, (max-width: 1024px) 100vw, 1024px\" \/><\/figure>\n\n\n\n<p>Se trata de la primera vez que la muestra llega a este continente, decisi\u00f3n impulsada sin lugar a dudas por la llegada de Franco Colapinto a la F\u00f3rmula 1 y la explosi\u00f3n medi\u00e1tica que eso signific\u00f3 para un mercado que pas\u00f3 m\u00e1s de 20 a\u00f1os sin tener un representante nacional en la competencia.<\/p>\n\n\n\n<p>Las entradas se pondr\u00e1n a la venta desde el pr\u00f3ximo 10 de febrero.<\/p>\n","protected":false},"excerpt":{"rendered":"<p>Este lunes qued\u00f3 finalmente confirmada la llegada de la F\u00f3rmula 1 Exhibition a Buenos Aires, la muestra oficial m\u00e1s importante de la categor\u00eda y que dir\u00e1 presente por primera vez en Sudam\u00e9rica. La exhibici\u00f3n se realizar\u00e1 desde el s\u00e1bado 22 de marzo en Tecn\u00f3polis. All\u00ed, se exhibir\u00e1n elementos del pasado, el presente y el futuro [&hellip;]<\/p>\n","protected":false},"author":9,"featured_media":12552,"comment_status":"closed","ping_status":"open","sticky":false,"template":"","format":"standard","meta":{"tdm_status":"","tdm_grid_status":"","footnotes":""},"categories":[1],"tags":[324,3838,1642,3837],"class_list":{"0":"post-12549","1":"post","2":"type-post","3":"status-publish","4":"format-standard","5":"has-post-thumbnail","7":"category-nacionales","8":"tag-argentina","9":"tag-exhibicion","10":"tag-formula-1","11":"tag-tecnopolis"},"_links":{"self":[{"href":"https:\/\/www.noticiasmas.com.ar\/index.php\/wp-json\/wp\/v2\/posts\/12549","targetHints":{"allow":["GET"]}}],"collection":[{"href":"https:\/\/www.noticiasmas.com.ar\/index.php\/wp-json\/wp\/v2\/posts"}],"about":[{"href":"https:\/\/www.noticiasmas.com.ar\/index.php\/wp-json\/wp\/v2\/types\/post"}],"author":[{"embeddable":true,"href":"https:\/\/www.noticiasmas.com.ar\/index.php\/wp-json\/wp\/v2\/users\/9"}],"replies":[{"embeddable":true,"href":"https:\/\/www.noticiasmas.com.ar\/index.php\/wp-json\/wp\/v2\/comments?post=12549"}],"version-history":[{"count":1,"href":"https:\/\/www.noticiasmas.com.ar\/index.php\/wp-json\/wp\/v2\/posts\/12549\/revisions"}],"predecessor-version":[{"id":12553,"href":"https:\/\/www.noticiasmas.com.ar\/index.php\/wp-json\/wp\/v2\/posts\/12549\/revisions\/12553"}],"wp:featuredmedia":[{"embeddable":true,"href":"https:\/\/www.noticiasmas.com.ar\/index.php\/wp-json\/wp\/v2\/media\/12552"}],"wp:attachment":[{"href":"https:\/\/www.noticiasmas.com.ar\/index.php\/wp-json\/wp\/v2\/media?parent=12549"}],"wp:term":[{"taxonomy":"category","embeddable":true,"href":"https:\/\/www.noticiasmas.com.ar\/index.php\/wp-json\/wp\/v2\/categories?post=12549"},{"taxonomy":"post_tag","embeddable":true,"href":"https:\/\/www.noticiasmas.com.ar\/index.php\/wp-json\/wp\/v2\/tags?post=12549"}],"curies":[{"name":"wp","href":"https:\/\/api.w.org\/{rel}","templated":true}]}}