{"id":12559,"date":"2025-01-27T12:11:34","date_gmt":"2025-01-27T15:11:34","guid":{"rendered":"https:\/\/www.noticiasmas.com.ar\/?p=12559"},"modified":"2025-01-27T12:11:37","modified_gmt":"2025-01-27T15:11:37","slug":"se-anunciaron-los-requisitos-para-inscribirse-a-los-cursos-y-carreras-del-centro-cultural-de-san-lorenzo","status":"publish","type":"post","link":"https:\/\/www.noticiasmas.com.ar\/index.php\/2025\/01\/27\/se-anunciaron-los-requisitos-para-inscribirse-a-los-cursos-y-carreras-del-centro-cultural-de-san-lorenzo\/","title":{"rendered":"Se anunciaron los requisitos para inscribirse a los cursos y carreras del Centro Cultural de San Lorenzo"},"content":{"rendered":"\n<p>El pr\u00f3ximo lunes 10 de febrero quedar\u00e1 abierta la inscripci\u00f3n formal a los cursos y carreras del Centro Cultural y Educativo Municipal de la ciudad de San Lorenzo.&nbsp;<\/p>\n\n\n\n<p>La inscripci\u00f3n se dividir\u00e1 en dos etapas, en un primera, para la participaci\u00f3n en talleres y cursos, trayectos de estudios musicales para ni\u00f1os y adolescentes e iniciaci\u00f3n musical para adultos, se deber\u00e1 buscar la ficha de inscripci\u00f3n en la mesa de entrada del centro cultural de 9 a 12 o de 14 a 17 y hasta el 14 de febrero inclusive.<\/p>\n\n\n\n<p>Esta primera etapa ser\u00e1 \u00fanicamente para los residentes en San Lorenzo, quienes deber\u00e1n presentar DNI.<\/p>\n\n\n\n<p>Tras esta primera etapa se otorgar\u00e1n cupos para entregar la documentaci\u00f3n del 17 al 21 de febrero. Cada interesado podr\u00e1 realizar hasta 3 actividades.&nbsp;<\/p>\n\n\n\n<p>Sin turno, posteriormente, se podr\u00e1 acceder a la inscripci\u00f3n del 24 al 28 de febrero, mientras que los residentes en otras localidades podr\u00e1n acceder a los cupos que queden disponibles del 5 al 7 de marzo.&nbsp;<\/p>\n\n\n\n<p>Cabe destacar que las inscripciones para los profesorados de m\u00fasica y artes visuales deber\u00e1n solicitar informaci\u00f3n a <a href=\"mailto:secretariaccem@yahoo.com\">secretariaccem@yahoo.com<\/a>.&nbsp;<\/p>\n\n\n\n<p>Son en total 40 las opciones de cursos y capacitaciones que ofrece el centro cultural ubicado en Entre R\u00edos 510. Las opciones son:<\/p>\n\n\n\n<h3 class=\"wp-block-heading\"><strong>Departamento de Artes<\/strong><\/h3>\n\n\n\n<ul class=\"wp-block-list\">\n<li><strong>Profesorado de Artes Visuales<\/strong> (Nivel Terciario &#8211; T\u00edtulo Oficial &#8211; Validez Nacional)<\/li>\n\n\n\n<li><strong>Tecnicatura en Artes Visuales<\/strong><\/li>\n\n\n\n<li><strong>Curso de Capacitaci\u00f3n en Fotograf\u00eda<\/strong><\/li>\n\n\n\n<li><strong>Talleres de Pintura, Dibujo y Cer\u00e1mica<\/strong><\/li>\n\n\n\n<li><strong>Taller de Pl\u00e1stica para ni\u00f1os<\/strong><\/li>\n\n\n\n<li><strong>Taller de Dise\u00f1o Gr\u00e1fico<\/strong><\/li>\n<\/ul>\n\n\n\n<h3 class=\"wp-block-heading\"><strong>Departamento de Danzas y Expresi\u00f3n Corporal<\/strong><\/h3>\n\n\n\n<ul class=\"wp-block-list\">\n<li><strong>Curso de Capacitaci\u00f3n en Danza Cl\u00e1sica<\/strong><\/li>\n\n\n\n<li><strong>Taller de Danzas Espa\u00f1olas<\/strong><\/li>\n\n\n\n<li><strong>Taller de Danzas Folkl\u00f3ricas<\/strong><\/li>\n\n\n\n<li><strong>Taller de Tango<\/strong><\/li>\n\n\n\n<li><strong>Taller de Ritmos Caribe\u00f1os<\/strong><\/li>\n\n\n\n<li><strong>Taller de Gimnasia Integral<\/strong><\/li>\n\n\n\n<li><strong>Taller de Yoga<\/strong><\/li>\n<\/ul>\n\n\n\n<h3 class=\"wp-block-heading\"><strong>Departamento de Arte Dram\u00e1tico<\/strong><\/h3>\n\n\n\n<ul class=\"wp-block-list\">\n<li><strong>Taller de Teatro y Actuaci\u00f3n<\/strong><\/li>\n\n\n\n<li><strong>Taller de T\u00edteres<\/strong><\/li>\n\n\n\n<li><strong>Elenco estable de Titiriteros CCEM<\/strong><\/li>\n<\/ul>\n\n\n\n<h3 class=\"wp-block-heading\"><strong>Departamento de Idiomas<\/strong><\/h3>\n\n\n\n<ul class=\"wp-block-list\">\n<li><strong>Curso de Capacitaci\u00f3n en Alem\u00e1n<\/strong><\/li>\n\n\n\n<li><strong>Curso de Capacitaci\u00f3n en Franc\u00e9s<\/strong><\/li>\n\n\n\n<li><strong>Curso de Capacitaci\u00f3n en Ingl\u00e9s<\/strong><\/li>\n\n\n\n<li><strong>Curso de Capacitaci\u00f3n en Portugu\u00e9s<\/strong><\/li>\n<\/ul>\n\n\n\n<h3 class=\"wp-block-heading\"><strong>Departamento de Oficios Manuales<\/strong><\/h3>\n\n\n\n<ul class=\"wp-block-list\">\n<li><strong>Taller de Corte y Confecci\u00f3n<\/strong><\/li>\n\n\n\n<li><strong>Taller de Tejido<\/strong><\/li>\n<\/ul>\n\n\n\n<h3 class=\"wp-block-heading\"><strong>Departamento de M\u00fasica<\/strong><\/h3>\n\n\n\n<ul class=\"wp-block-list\">\n<li><strong>Profesorado de M\u00fasica<\/strong> (Nivel Terciario \u2013 T\u00edtulo Oficial \u2013 Validez Nacional)<\/li>\n\n\n\n<li><strong>CIMA: Curso de Iniciaci\u00f3n Musical para Adultos<\/strong><\/li>\n\n\n\n<li><strong>Trayecto de Estudios Musicales para Ni\u00f1os y Adolescentes<\/strong><\/li>\n\n\n\n<li><strong>Instrumentos:<\/strong> Guitarra, bajo, viola, viol\u00edn, violoncello, contrabajo, piano, bandone\u00f3n, bater\u00eda, flauta traversa y dulce, clarinete, saxof\u00f3n, trompeta, tromb\u00f3n, aer\u00f3fonos andinos<\/li>\n\n\n\n<li><strong>Coro de Ni\u00f1os y Juvenil<\/strong><\/li>\n\n\n\n<li><strong>Coro Adultos<\/strong><\/li>\n\n\n\n<li><strong>Orquesta Acad\u00e9mica<\/strong><\/li>\n\n\n\n<li><strong>Banda Sinf\u00f3nica Municipal<\/strong><\/li>\n\n\n\n<li><strong>Banda Infanto Juvenil<\/strong><\/li>\n\n\n\n<li><strong>Orquesta Folkl\u00f3rica Municipal<\/strong><\/li>\n\n\n\n<li><strong>Quinteto de Cuerdas<\/strong><\/li>\n\n\n\n<li><strong>Camerata del Libertador<\/strong><\/li>\n<\/ul>\n\n\n\n<h3 class=\"wp-block-heading\"><strong>Departamento de Arte Culinario<\/strong><\/h3>\n\n\n\n<ul class=\"wp-block-list\">\n<li><strong>Taller de Cocina y Reposter\u00eda<\/strong><\/li>\n\n\n\n<li><strong>Taller de Pasteler\u00eda<\/strong><\/li>\n<\/ul>\n\n\n\n<h3 class=\"wp-block-heading\"><strong>Departamento de Inform\u00e1tica<\/strong><\/h3>\n\n\n\n<ul class=\"wp-block-list\">\n<li><strong>Windows<\/strong><\/li>\n\n\n\n<li><strong>Paquete Office:<\/strong> Word, Excel, Power Point, Publisher<\/li>\n\n\n\n<li><strong>Internet<\/strong><\/li>\n\n\n\n<li><strong>CorelDraw<\/strong><\/li>\n<\/ul>\n","protected":false},"excerpt":{"rendered":"<p>El pr\u00f3ximo lunes 10 de febrero quedar\u00e1 abierta la inscripci\u00f3n formal a los cursos y carreras del Centro Cultural y Educativo Municipal de la ciudad de San Lorenzo.&nbsp; La inscripci\u00f3n se dividir\u00e1 en dos etapas, en un primera, para la participaci\u00f3n en talleres y cursos, trayectos de estudios musicales para ni\u00f1os y adolescentes e iniciaci\u00f3n [&hellip;]<\/p>\n","protected":false},"author":9,"featured_media":12560,"comment_status":"closed","ping_status":"open","sticky":false,"template":"","format":"standard","meta":{"tdm_status":"","tdm_grid_status":"","footnotes":""},"categories":[4],"tags":[3841,3839,1107,3840,58],"class_list":{"0":"post-12559","1":"post","2":"type-post","3":"status-publish","4":"format-standard","5":"has-post-thumbnail","7":"category-culturayespectaculos","8":"tag-capacitaciones","9":"tag-centro-cultural","10":"tag-cursos","11":"tag-formacion","12":"tag-san-lorenzo"},"_links":{"self":[{"href":"https:\/\/www.noticiasmas.com.ar\/index.php\/wp-json\/wp\/v2\/posts\/12559","targetHints":{"allow":["GET"]}}],"collection":[{"href":"https:\/\/www.noticiasmas.com.ar\/index.php\/wp-json\/wp\/v2\/posts"}],"about":[{"href":"https:\/\/www.noticiasmas.com.ar\/index.php\/wp-json\/wp\/v2\/types\/post"}],"author":[{"embeddable":true,"href":"https:\/\/www.noticiasmas.com.ar\/index.php\/wp-json\/wp\/v2\/users\/9"}],"replies":[{"embeddable":true,"href":"https:\/\/www.noticiasmas.com.ar\/index.php\/wp-json\/wp\/v2\/comments?post=12559"}],"version-history":[{"count":1,"href":"https:\/\/www.noticiasmas.com.ar\/index.php\/wp-json\/wp\/v2\/posts\/12559\/revisions"}],"predecessor-version":[{"id":12561,"href":"https:\/\/www.noticiasmas.com.ar\/index.php\/wp-json\/wp\/v2\/posts\/12559\/revisions\/12561"}],"wp:featuredmedia":[{"embeddable":true,"href":"https:\/\/www.noticiasmas.com.ar\/index.php\/wp-json\/wp\/v2\/media\/12560"}],"wp:attachment":[{"href":"https:\/\/www.noticiasmas.com.ar\/index.php\/wp-json\/wp\/v2\/media?parent=12559"}],"wp:term":[{"taxonomy":"category","embeddable":true,"href":"https:\/\/www.noticiasmas.com.ar\/index.php\/wp-json\/wp\/v2\/categories?post=12559"},{"taxonomy":"post_tag","embeddable":true,"href":"https:\/\/www.noticiasmas.com.ar\/index.php\/wp-json\/wp\/v2\/tags?post=12559"}],"curies":[{"name":"wp","href":"https:\/\/api.w.org\/{rel}","templated":true}]}}