{"id":12565,"date":"2025-01-27T14:01:33","date_gmt":"2025-01-27T17:01:33","guid":{"rendered":"https:\/\/www.noticiasmas.com.ar\/?p=12565"},"modified":"2025-01-27T14:01:35","modified_gmt":"2025-01-27T17:01:35","slug":"el-camping-municipal-de-baigorria-estara-cerrado-al-publico-este-viernes-31-de-enero","status":"publish","type":"post","link":"https:\/\/www.noticiasmas.com.ar\/index.php\/2025\/01\/27\/el-camping-municipal-de-baigorria-estara-cerrado-al-publico-este-viernes-31-de-enero\/","title":{"rendered":"El Camping Municipal de Baigorria estar\u00e1 cerrado al p\u00fablico este viernes 31 de enero"},"content":{"rendered":"\n<p>El motivo tiene que ver con el cierre formal de la Colonia de Verano municipal 2025. Las actividades se retomar\u00e1n con normalidad el s\u00e1bado 1 de febrero.<\/p>\n\n\n\n<p>El pr\u00f3ximo viernes 31 de enero el Camping Municipal de la ciudad de Baigorria se mantendr\u00e1 cerrado al p\u00fablico en general. Las instalaciones se utilizar\u00e1n de manera exclusiva para el cierre de las colonias, organizadas por la secretar\u00eda de Deportes y Cultura local.<\/p>\n\n\n\n<p>El d\u00eda siguiente, s\u00e1bado 1 de febrero, el camping tendr\u00e1 sus puertas abiertas de manera normal. \u201cEstamos teniendo una gran temporada, con mucha gente todos los d\u00edas y lleno los fines de semana\u201d, valor\u00f3 el secretario de Gobierno Osvaldo Aymo.<\/p>\n\n\n\n<p><strong>Baigorria es r\u00edo.<\/strong>&nbsp;Aquellos que el pr\u00f3ximo viernes quieran tener un espacio para refrescarse y pasarla bien podr\u00e1n optar por la playita municipal de la Reserva, en Estrada y el r\u00edo.<\/p>\n\n\n\n<p>El espacio, inmerso en un entorno paradisiaco y natural, est\u00e1 abierto a todo el p\u00fablico y tiene m\u00faltiples atractivos y comodidades. Mas info en&nbsp;<a href=\"https:\/\/baigorria.gob.ar\/playa-reserva-municipal\/\" target=\"_blank\" rel=\"noreferrer noopener\">https:\/\/baigorria.gob.ar\/playa-reserva-municipal\/<\/a><\/p>\n","protected":false},"excerpt":{"rendered":"<p>El motivo tiene que ver con el cierre formal de la Colonia de Verano municipal 2025. Las actividades se retomar\u00e1n con normalidad el s\u00e1bado 1 de febrero. El pr\u00f3ximo viernes 31 de enero el Camping Municipal de la ciudad de Baigorria se mantendr\u00e1 cerrado al p\u00fablico en general. Las instalaciones se utilizar\u00e1n de manera exclusiva [&hellip;]<\/p>\n","protected":false},"author":5,"featured_media":12566,"comment_status":"closed","ping_status":"open","sticky":false,"template":"","format":"standard","meta":{"tdm_status":"","tdm_grid_status":"","footnotes":""},"categories":[13],"tags":[3547,3844,246,3843],"class_list":{"0":"post-12565","1":"post","2":"type-post","3":"status-publish","4":"format-standard","5":"has-post-thumbnail","7":"category-region","8":"tag-camping-municipal","9":"tag-cerrado","10":"tag-granadero-baigorria","11":"tag-viernes-31-01"},"_links":{"self":[{"href":"https:\/\/www.noticiasmas.com.ar\/index.php\/wp-json\/wp\/v2\/posts\/12565","targetHints":{"allow":["GET"]}}],"collection":[{"href":"https:\/\/www.noticiasmas.com.ar\/index.php\/wp-json\/wp\/v2\/posts"}],"about":[{"href":"https:\/\/www.noticiasmas.com.ar\/index.php\/wp-json\/wp\/v2\/types\/post"}],"author":[{"embeddable":true,"href":"https:\/\/www.noticiasmas.com.ar\/index.php\/wp-json\/wp\/v2\/users\/5"}],"replies":[{"embeddable":true,"href":"https:\/\/www.noticiasmas.com.ar\/index.php\/wp-json\/wp\/v2\/comments?post=12565"}],"version-history":[{"count":1,"href":"https:\/\/www.noticiasmas.com.ar\/index.php\/wp-json\/wp\/v2\/posts\/12565\/revisions"}],"predecessor-version":[{"id":12567,"href":"https:\/\/www.noticiasmas.com.ar\/index.php\/wp-json\/wp\/v2\/posts\/12565\/revisions\/12567"}],"wp:featuredmedia":[{"embeddable":true,"href":"https:\/\/www.noticiasmas.com.ar\/index.php\/wp-json\/wp\/v2\/media\/12566"}],"wp:attachment":[{"href":"https:\/\/www.noticiasmas.com.ar\/index.php\/wp-json\/wp\/v2\/media?parent=12565"}],"wp:term":[{"taxonomy":"category","embeddable":true,"href":"https:\/\/www.noticiasmas.com.ar\/index.php\/wp-json\/wp\/v2\/categories?post=12565"},{"taxonomy":"post_tag","embeddable":true,"href":"https:\/\/www.noticiasmas.com.ar\/index.php\/wp-json\/wp\/v2\/tags?post=12565"}],"curies":[{"name":"wp","href":"https:\/\/api.w.org\/{rel}","templated":true}]}}