{"id":12580,"date":"2025-01-28T08:29:18","date_gmt":"2025-01-28T11:29:18","guid":{"rendered":"https:\/\/www.noticiasmas.com.ar\/?p=12580"},"modified":"2025-01-28T08:29:21","modified_gmt":"2025-01-28T11:29:21","slug":"se-esperan-lluvias-para-las-proximas-48-horas","status":"publish","type":"post","link":"https:\/\/www.noticiasmas.com.ar\/index.php\/2025\/01\/28\/se-esperan-lluvias-para-las-proximas-48-horas\/","title":{"rendered":"Se esperan lluvias para las pr\u00f3ximas 48 horas\u00a0"},"content":{"rendered":"\n<p>La inestabilidad se asienta en la regi\u00f3n y en las pr\u00f3ximas 48 horas se esperan lluvias aisladas.&nbsp;<\/p>\n\n\n\n<p>El cielo gris anticipa lo que ser\u00e1 una jornada donde el Servicio Meteorol\u00f3gico Nacional espera lluvias y precipitaciones para San Lorenzo y la regi\u00f3n.<\/p>\n\n\n\n<p>Desde el Centro de Monitoreo Meteorol\u00f3gico y Clim\u00e1tico de Granadero Baigorria anticiparon que la regi\u00f3n, en horas de la ma\u00f1ana de este martes 28 de enero, se encuentra en alerta por lluvias y tormentas.<\/p>\n\n\n\n<p>A la vez, persiste la alerta amarilla por altas temperaturas en la regi\u00f3n, por lo que ser\u00e1 una jornada gris y h\u00fameda en gran parte del Cord\u00f3n Industrial.<\/p>\n","protected":false},"excerpt":{"rendered":"<p>La inestabilidad se asienta en la regi\u00f3n y en las pr\u00f3ximas 48 horas se esperan lluvias aisladas.&nbsp; El cielo gris anticipa lo que ser\u00e1 una jornada donde el Servicio Meteorol\u00f3gico Nacional espera lluvias y precipitaciones para San Lorenzo y la regi\u00f3n. Desde el Centro de Monitoreo Meteorol\u00f3gico y Clim\u00e1tico de Granadero Baigorria anticiparon que la [&hellip;]<\/p>\n","protected":false},"author":9,"featured_media":12581,"comment_status":"closed","ping_status":"open","sticky":false,"template":"","format":"standard","meta":{"tdm_status":"","tdm_grid_status":"","footnotes":""},"categories":[13],"tags":[138,1061,392,715],"class_list":{"0":"post-12580","1":"post","2":"type-post","3":"status-publish","4":"format-standard","5":"has-post-thumbnail","7":"category-region","8":"tag-clima","9":"tag-cordon-industrial","10":"tag-lluvias","11":"tag-temperatura"},"_links":{"self":[{"href":"https:\/\/www.noticiasmas.com.ar\/index.php\/wp-json\/wp\/v2\/posts\/12580","targetHints":{"allow":["GET"]}}],"collection":[{"href":"https:\/\/www.noticiasmas.com.ar\/index.php\/wp-json\/wp\/v2\/posts"}],"about":[{"href":"https:\/\/www.noticiasmas.com.ar\/index.php\/wp-json\/wp\/v2\/types\/post"}],"author":[{"embeddable":true,"href":"https:\/\/www.noticiasmas.com.ar\/index.php\/wp-json\/wp\/v2\/users\/9"}],"replies":[{"embeddable":true,"href":"https:\/\/www.noticiasmas.com.ar\/index.php\/wp-json\/wp\/v2\/comments?post=12580"}],"version-history":[{"count":1,"href":"https:\/\/www.noticiasmas.com.ar\/index.php\/wp-json\/wp\/v2\/posts\/12580\/revisions"}],"predecessor-version":[{"id":12582,"href":"https:\/\/www.noticiasmas.com.ar\/index.php\/wp-json\/wp\/v2\/posts\/12580\/revisions\/12582"}],"wp:featuredmedia":[{"embeddable":true,"href":"https:\/\/www.noticiasmas.com.ar\/index.php\/wp-json\/wp\/v2\/media\/12581"}],"wp:attachment":[{"href":"https:\/\/www.noticiasmas.com.ar\/index.php\/wp-json\/wp\/v2\/media?parent=12580"}],"wp:term":[{"taxonomy":"category","embeddable":true,"href":"https:\/\/www.noticiasmas.com.ar\/index.php\/wp-json\/wp\/v2\/categories?post=12580"},{"taxonomy":"post_tag","embeddable":true,"href":"https:\/\/www.noticiasmas.com.ar\/index.php\/wp-json\/wp\/v2\/tags?post=12580"}],"curies":[{"name":"wp","href":"https:\/\/api.w.org\/{rel}","templated":true}]}}