{"id":12690,"date":"2025-01-31T09:24:42","date_gmt":"2025-01-31T12:24:42","guid":{"rendered":"https:\/\/www.noticiasmas.com.ar\/?p=12690"},"modified":"2025-01-31T09:24:45","modified_gmt":"2025-01-31T12:24:45","slug":"fin-de-semana-de-extremas-temperaturas-en-la-region","status":"publish","type":"post","link":"https:\/\/www.noticiasmas.com.ar\/index.php\/2025\/01\/31\/fin-de-semana-de-extremas-temperaturas-en-la-region\/","title":{"rendered":"Fin de semana de extremas temperaturas en la regi\u00f3n"},"content":{"rendered":"\n<p>La sensaci\u00f3n t\u00e9rmica en este primer fin de semana de febrero superar\u00e1 los 40\u00b0C, y se esperan temperaturas alt\u00edsimas durante s\u00e1bado, domingo y lunes.&nbsp;<\/p>\n\n\n\n<p>El Servicio Meteorol\u00f3gico Nacional no baja la alerta amarilla por altas temperaturas y anuncia m\u00e1ximas de hasta 38\u00b0C para las pr\u00f3ximas 72 horas.<\/p>\n\n\n\n<p>Las altas temperaturas perdurar\u00e1n al menos hasta el d\u00eda martes, cuando por la noche se registren algunas lluvias y precipitaciones que hagan descender el term\u00f3metro.&nbsp;<\/p>\n\n\n\n<h2 class=\"wp-block-heading\">Prevenir golpes de calor <\/h2>\n\n\n\n<p>Ante las jornadas de calor extremo,&nbsp; se insiste nuevamente en las acciones preventivas para insisten evitar golpes de calor, un cuadro grave que puede poner en riesgo la salud. Se recomienda beber agua aunque no se sienta sed, evitando bebidas alcoh\u00f3licas, con cafe\u00edna o azucaradas, que favorecen la deshidrataci\u00f3n.&nbsp;<\/p>\n\n\n\n<p>Es fundamental permanecer en lugares frescos y ventilados, especialmente entre las 10:00 y las 16:00 horas, cuando la incidencia solar es mayor. Usar ropa ligera, de colores claros y cubrirse la cabeza con gorros o sombreros ayuda a regular la temperatura corporal, as\u00ed como aplicar protector solar cada dos horas.&nbsp;<\/p>\n\n\n\n<p>Adem\u00e1s, se sugiere moderar la actividad f\u00edsica intensa y optar por comidas livianas, como frutas y verduras, para facilitar la digesti\u00f3n.<\/p>\n","protected":false},"excerpt":{"rendered":"<p>La sensaci\u00f3n t\u00e9rmica en este primer fin de semana de febrero superar\u00e1 los 40\u00b0C, y se esperan temperaturas alt\u00edsimas durante s\u00e1bado, domingo y lunes.&nbsp; El Servicio Meteorol\u00f3gico Nacional no baja la alerta amarilla por altas temperaturas y anuncia m\u00e1ximas de hasta 38\u00b0C para las pr\u00f3ximas 72 horas. Las altas temperaturas perdurar\u00e1n al menos hasta el [&hellip;]<\/p>\n","protected":false},"author":9,"featured_media":12691,"comment_status":"closed","ping_status":"open","sticky":false,"template":"","format":"standard","meta":{"tdm_status":"","tdm_grid_status":"","footnotes":""},"categories":[1],"tags":[324,178,3883,193],"class_list":{"0":"post-12690","1":"post","2":"type-post","3":"status-publish","4":"format-standard","5":"has-post-thumbnail","7":"category-nacionales","8":"tag-argentina","9":"tag-calor","10":"tag-golpes-de-calor","11":"tag-smn"},"_links":{"self":[{"href":"https:\/\/www.noticiasmas.com.ar\/index.php\/wp-json\/wp\/v2\/posts\/12690","targetHints":{"allow":["GET"]}}],"collection":[{"href":"https:\/\/www.noticiasmas.com.ar\/index.php\/wp-json\/wp\/v2\/posts"}],"about":[{"href":"https:\/\/www.noticiasmas.com.ar\/index.php\/wp-json\/wp\/v2\/types\/post"}],"author":[{"embeddable":true,"href":"https:\/\/www.noticiasmas.com.ar\/index.php\/wp-json\/wp\/v2\/users\/9"}],"replies":[{"embeddable":true,"href":"https:\/\/www.noticiasmas.com.ar\/index.php\/wp-json\/wp\/v2\/comments?post=12690"}],"version-history":[{"count":1,"href":"https:\/\/www.noticiasmas.com.ar\/index.php\/wp-json\/wp\/v2\/posts\/12690\/revisions"}],"predecessor-version":[{"id":12692,"href":"https:\/\/www.noticiasmas.com.ar\/index.php\/wp-json\/wp\/v2\/posts\/12690\/revisions\/12692"}],"wp:featuredmedia":[{"embeddable":true,"href":"https:\/\/www.noticiasmas.com.ar\/index.php\/wp-json\/wp\/v2\/media\/12691"}],"wp:attachment":[{"href":"https:\/\/www.noticiasmas.com.ar\/index.php\/wp-json\/wp\/v2\/media?parent=12690"}],"wp:term":[{"taxonomy":"category","embeddable":true,"href":"https:\/\/www.noticiasmas.com.ar\/index.php\/wp-json\/wp\/v2\/categories?post=12690"},{"taxonomy":"post_tag","embeddable":true,"href":"https:\/\/www.noticiasmas.com.ar\/index.php\/wp-json\/wp\/v2\/tags?post=12690"}],"curies":[{"name":"wp","href":"https:\/\/api.w.org\/{rel}","templated":true}]}}